{"id":2493,"date":"2014-04-08T17:47:35","date_gmt":"2014-04-08T15:47:35","guid":{"rendered":"http:\/\/netzwerke-21.de\/?p=2493"},"modified":"2014-04-08T17:55:32","modified_gmt":"2014-04-08T15:55:32","slug":"dr-ralf-laternser-auf-der-217-montagsdemo","status":"publish","type":"post","link":"https:\/\/netzwerke-21.de\/?p=2493","title":{"rendered":"Dr. Ralf Laternser auf der 217. Montagsdemo"},"content":{"rendered":"<p>Dr. Ralf Laternser sprach gestern auf der 217.Montagsdemo (<a title=\"Dr. Ralf Laternser - 217. Montagsdemo gegen Stuttgart 21\" href=\"http:\/\/www.youtube.com\/watch?v=7STjkCZNARg&amp;feature=youtu.be\" target=\"_blank\">Video<\/a>) zum Anh\u00f6rungs-bericht des Regierungspr\u00e4sidiums, der\u00a0 &#8211; bis auf die Auflage die Gr\u00fcndung des Bahnhofs- turm zu untersuchen &#8211; einseitig allen Argumenten der Bahn folgt. In seiner Rede weist er auf einzelne in dem Bericht nicht ber\u00fccksichtigte geologische Risiken f\u00fcr den Tunnelbau im Kernerviertel und den anderen steilen H\u00e4ngen in Stuttgart hin.\u00a0 Er erinnert daran, dass die Bahn bis heute nicht die Hangstabilit\u00e4tsmessungen f\u00fcr das Kernerviertel ver\u00f6ffentlicht hat, die nur an einem &#8211; aus seiner Sicht nicht repr\u00e4sentativen &#8211; Punkt gemessen werden. Ganz anders verhielt es sich beim Bau des Katzenberg-Bahntunnels, der im Vorfeld und w\u00e4hrend des Baus von umfangreichen Messungen entlang der Geb\u00e4ude abgesichert wurde.<\/p>\n","protected":false},"excerpt":{"rendered":"<p>Dr. Ralf Laternser sprach gestern auf der 217.Montagsdemo (Video) zum Anh\u00f6rungs-bericht des Regierungspr\u00e4sidiums, der\u00a0 &#8211; bis auf die Auflage die Gr\u00fcndung des Bahnhofs- turm zu untersuchen &#8211; einseitig allen Argumenten der Bahn folgt. In seiner Rede weist er auf einzelne &hellip; <a href=\"https:\/\/netzwerke-21.de\/?p=2493\">Weiterlesen <span class=\"meta-nav\">&rarr;<\/span><\/a><\/p>\n","protected":false},"author":6,"featured_media":0,"comment_status":"closed","ping_status":"closed","sticky":false,"template":"","format":"standard","meta":{"footnotes":""},"categories":[12,6,21,34,4,10],"tags":[],"class_list":["post-2493","post","type-post","status-publish","format-standard","hentry","category-gebaeuderisiken","category-grundwassermanagement","category-kernerviertel","category-planfeststellung","category-unterfahrung","category-veranstaltungen"],"_links":{"self":[{"href":"https:\/\/netzwerke-21.de\/index.php?rest_route=\/wp\/v2\/posts\/2493","targetHints":{"allow":["GET"]}}],"collection":[{"href":"https:\/\/netzwerke-21.de\/index.php?rest_route=\/wp\/v2\/posts"}],"about":[{"href":"https:\/\/netzwerke-21.de\/index.php?rest_route=\/wp\/v2\/types\/post"}],"author":[{"embeddable":true,"href":"https:\/\/netzwerke-21.de\/index.php?rest_route=\/wp\/v2\/users\/6"}],"replies":[{"embeddable":true,"href":"https:\/\/netzwerke-21.de\/index.php?rest_route=%2Fwp%2Fv2%2Fcomments&post=2493"}],"version-history":[{"count":7,"href":"https:\/\/netzwerke-21.de\/index.php?rest_route=\/wp\/v2\/posts\/2493\/revisions"}],"predecessor-version":[{"id":2501,"href":"https:\/\/netzwerke-21.de\/index.php?rest_route=\/wp\/v2\/posts\/2493\/revisions\/2501"}],"wp:attachment":[{"href":"https:\/\/netzwerke-21.de\/index.php?rest_route=%2Fwp%2Fv2%2Fmedia&parent=2493"}],"wp:term":[{"taxonomy":"category","embeddable":true,"href":"https:\/\/netzwerke-21.de\/index.php?rest_route=%2Fwp%2Fv2%2Fcategories&post=2493"},{"taxonomy":"post_tag","embeddable":true,"href":"https:\/\/netzwerke-21.de\/index.php?rest_route=%2Fwp%2Fv2%2Ftags&post=2493"}],"curies":[{"name":"wp","href":"https:\/\/api.w.org\/{rel}","templated":true}]}}