{"id":24916,"date":"2017-08-11T00:45:39","date_gmt":"2017-08-10T22:45:39","guid":{"rendered":"http:\/\/netzwerke-21.de\/?p=24916"},"modified":"2017-08-12T14:29:18","modified_gmt":"2017-08-12T12:29:18","slug":"stz-eidechsen-sollen-in-kaltluftgebiet-leben-stn-eidechsen-experte-die-meisten-umsiedlungen-klappen-nicht","status":"publish","type":"post","link":"https:\/\/netzwerke-21.de\/?p=24916","title":{"rendered":"Berichte \u00fcber die Eidechsenumsiedlung auf den Killesberg"},"content":{"rendered":"<p><strong>StZ:<\/strong> <a href=\"http:\/\/www.stuttgarter-zeitung.de\/inhalt.stuttgart-21-eidechsen-sollen-in-kaltluftgebiet-leben.0e5a157c-fe6a-46e6-8939-6ccdac4eb630.html\">Eidechsen sollen in Kaltluftgebiet leben<\/a>: &#8222;<em>Nachbarn des Habitats am Killesberg, in das Mauereidechsen aus Untert\u00fcrkheim ziehen sollen, halten die Wiesen f\u00fcr ungeeignet. Sie verweisen auf eine Diplomarbeit, die die Bedeutung der Fl\u00e4chen f\u00fcr die Kaltluftgewinnung f\u00fcr den Talkessel unterstreicht.&#8220; <\/em><\/p>\n<p><strong>StN: <\/strong><a href=\"http:\/\/www.stuttgarter-nachrichten.de\/inhalt.eidechsen-experte-zweifelt-an-massnahmen-bei-stuttgart-21-die-meisten-umsiedlungen-klappen-nicht.cf68d1b2-7c42-46d0-9738-194ce2133c51.html\">Eidechsen-Experte: \u201eDie meisten Umsiedlungen klappen nicht\u201c:<\/a>\u00a0 &#8222;<em>Hubert Laufer gilt als gr\u00f6\u00dfter Eidechsenexperte des Landes. Der Offenburger Landschafts\u00f6kologe erkl\u00e4rt, warum die Stuttgarter Eidechse eigentlich ein Mischmasch ist \u2013 und warum bei Stuttgart 21 das Thema schon vor Jahren h\u00e4tte abgehakt werden k\u00f6nnen.&#8220;<\/em><\/p>\n<p><strong>StN: <\/strong><a href=\"http:\/\/www.stuttgarter-nachrichten.de\/inhalt.umsiedlung-auf-den-killesberg-anwohner-bekommen-eidechsen-informationen.fec2ed5b-dc3c-44ba-bf57-abca51d2ac26.html\">Anwohner bekommen Eidechsen-Informationen:<\/a> &#8222;<em>Der \u00c4rger auf dem Killesberg \u00fcber riesige Steinhaufen f\u00fcr Eidechsen ebbt nicht ab. Die Projektpartner wollen jetzt die Anwohner informieren \u2013 und verteidigen die Umsiedlung. [&#8230;]\u00a0<\/em> <em>Die Anwohner sprechen von \u201eVerschandelung\u201c und beklagen fehlende Information. Zumindest Letzteres wird sich jetzt \u00e4ndern. In der n\u00e4chsten Woche sollen alle Anwohner im Gebiet Faltbl\u00e4tter bekommen. Au\u00dferdem soll ein Schild die Artenschutzma\u00dfnahme dort erkl\u00e4ren. Eine Infoveranstaltung vor Ort wird es nach derzeitigem Stand aber nicht geben.&#8220;<\/em><\/p>\n<p><strong>StN:<\/strong> <a href=\"http:\/\/www.stuttgarter-zeitung.de\/inhalt.eidechsen-kolonie-auf-dem-killesberg-schilda-in-stuttgart.c5eb6ce5-2133-408e-b0e8-53399a2ba43e.html\">&#8222;Schilda&#8220; in Stuttgart: <\/a>&#8222;<em>Auf dem Killesberg wird Natur zerst\u00f6rt, um Reptilien anzusiedeln. Eine verquere Logik, findet Lokalchef Jan Sellner. Bei allem Respekt vor dem Artenschutz. [&#8230;] Wer sich das als geschmeidige, dem unauff\u00e4lligen Charakter der Reptilien gem\u00e4\u00dfe Ma\u00dfnahme denkt, hat keine Vorstellung davon, was sich Beh\u00f6rden \u2013 in diesem Fall das Regierungspr\u00e4sidium \u2013 ausdenken k\u00f6nnen: Wo Wiese war, werden derzeit unter Verwendung von 15\u2009000 Tonnen Kalkstein monstr\u00f6se Eidechsen-Wohninseln geschaffen&#8220;.<\/em><\/p>\n","protected":false},"excerpt":{"rendered":"<p>StZ: Eidechsen sollen in Kaltluftgebiet leben: &#8222;Nachbarn des Habitats am Killesberg, in das Mauereidechsen aus Untert\u00fcrkheim ziehen sollen, halten die Wiesen f\u00fcr ungeeignet. Sie verweisen auf eine Diplomarbeit, die die Bedeutung der Fl\u00e4chen f\u00fcr die Kaltluftgewinnung f\u00fcr den Talkessel unterstreicht.&#8220; &hellip; <a href=\"https:\/\/netzwerke-21.de\/?p=24916\">Weiterlesen <span class=\"meta-nav\">&rarr;<\/span><\/a><\/p>\n","protected":false},"author":6,"featured_media":0,"comment_status":"closed","ping_status":"closed","sticky":false,"template":"","format":"standard","meta":{"footnotes":""},"categories":[20,59,73,22],"tags":[],"class_list":["post-24916","post","type-post","status-publish","format-standard","hentry","category-killesberg","category-kosten","category-oekologie","category-untertuerkheim"],"_links":{"self":[{"href":"https:\/\/netzwerke-21.de\/index.php?rest_route=\/wp\/v2\/posts\/24916","targetHints":{"allow":["GET"]}}],"collection":[{"href":"https:\/\/netzwerke-21.de\/index.php?rest_route=\/wp\/v2\/posts"}],"about":[{"href":"https:\/\/netzwerke-21.de\/index.php?rest_route=\/wp\/v2\/types\/post"}],"author":[{"embeddable":true,"href":"https:\/\/netzwerke-21.de\/index.php?rest_route=\/wp\/v2\/users\/6"}],"replies":[{"embeddable":true,"href":"https:\/\/netzwerke-21.de\/index.php?rest_route=%2Fwp%2Fv2%2Fcomments&post=24916"}],"version-history":[{"count":12,"href":"https:\/\/netzwerke-21.de\/index.php?rest_route=\/wp\/v2\/posts\/24916\/revisions"}],"predecessor-version":[{"id":24935,"href":"https:\/\/netzwerke-21.de\/index.php?rest_route=\/wp\/v2\/posts\/24916\/revisions\/24935"}],"wp:attachment":[{"href":"https:\/\/netzwerke-21.de\/index.php?rest_route=%2Fwp%2Fv2%2Fmedia&parent=24916"}],"wp:term":[{"taxonomy":"category","embeddable":true,"href":"https:\/\/netzwerke-21.de\/index.php?rest_route=%2Fwp%2Fv2%2Fcategories&post=24916"},{"taxonomy":"post_tag","embeddable":true,"href":"https:\/\/netzwerke-21.de\/index.php?rest_route=%2Fwp%2Fv2%2Ftags&post=24916"}],"curies":[{"name":"wp","href":"https:\/\/api.w.org\/{rel}","templated":true}]}}