{"id":24383,"date":"2017-07-12T19:15:20","date_gmt":"2017-07-12T17:15:20","guid":{"rendered":"http:\/\/netzwerke-21.de\/?p=24383"},"modified":"2017-07-12T19:15:20","modified_gmt":"2017-07-12T17:15:20","slug":"stzn-buerger-fuerchten-baustellenverkehr-und-laerm-s-21-arbeiten-am-flughafen-region-mahnt-bahn","status":"publish","type":"post","link":"https:\/\/netzwerke-21.de\/?p=24383","title":{"rendered":"StZN: B\u00fcrger f\u00fcrchten Baustellenverkehr und L\u00e4rm \/ S-21-Arbeiten am Flughafen. Region mahnt Bahn"},"content":{"rendered":"<p><strong>StZN:<\/strong> <a title=\"StZN: B\u00fcrger f\u00fcrchten Baustellenverkehr und L\u00e4rm\" href=\"http:\/\/www.stuttgarter-zeitung.de\/inhalt.s-21-bauarbeiten-auf-der-filderebene-buerger-fuerchten-baustellenverkehr-und-laerm.9f458929-1c8e-4c00-886a-e5057f47560a.html\" target=\"_blank\" rel=\"noopener noreferrer\">B\u00fcrger f\u00fcrchten Baustellenverkehr und L\u00e4rm<\/a>: &#8222;<em>Die Stadtverwaltung hat sich zu den Planungen f\u00fcr Stuttgart 21 auf der Filderebene ge\u00e4u\u00dfert. Dabei ging es um Verkehr durch die Ortsmitten der Stadtteile, L\u00e4rmschutzma\u00dfnahmen \u2013 und wo die Ausgleichsfl\u00e4chen f\u00fcr den Wald entstehen, der f\u00fcr die Rohrer Kurve weichen muss.&#8220;<\/em><\/p>\n<p><strong>StZN:<\/strong> <a title=\"STZN: S-21-Arbeiten am Flughafen. Region mahnt Bahn\" href=\"http:\/\/www.stuttgarter-zeitung.de\/inhalt.s-21-arbeiten-am-flughafen-region-mahnt-bahn.8c0eb4df-b2bb-4ad1-98c1-0eb1c3dcdf30.html\" target=\"_blank\" rel=\"noopener noreferrer\">S-21-Arbeiten am Flughafen. Region mahnt Bahn<\/a>: &#8222;<em>Der Verband Region Stuttgart verlangt Garantien der Bahn, dass die S-21-Arbeiten am Flughafen sich nicht negativ auf den S-Bahn-Betrieb auswirken. Das geht aus einer Stellungnahme zum Genehmigungsverfahren f\u00fcr den Abschnitt zwischen dem Flughafen und der Rohrer Kurve hervor, die am Mittwoch im Planungsausschuss gegen die Stimmen der Linken mit gro\u00dfer Mehrheit beschlossen wurde. Zugleich gab das Regierungspr\u00e4sidium bekannt, dass B\u00fcrger bis 15. September zu den Pl\u00e4nen Stellung nehmen k\u00f6nnen. Bisher war der 1. August das Enddatum. Die Frist wurde aufgrund neuer Bundesgesetze verl\u00e4ngert.&#8220;<\/em><\/p>\n","protected":false},"excerpt":{"rendered":"<p>StZN: B\u00fcrger f\u00fcrchten Baustellenverkehr und L\u00e4rm: &#8222;Die Stadtverwaltung hat sich zu den Planungen f\u00fcr Stuttgart 21 auf der Filderebene ge\u00e4u\u00dfert. Dabei ging es um Verkehr durch die Ortsmitten der Stadtteile, L\u00e4rmschutzma\u00dfnahmen \u2013 und wo die Ausgleichsfl\u00e4chen f\u00fcr den Wald entstehen, &hellip; <a href=\"https:\/\/netzwerke-21.de\/?p=24383\">Weiterlesen <span class=\"meta-nav\">&rarr;<\/span><\/a><\/p>\n","protected":false},"author":6,"featured_media":0,"comment_status":"closed","ping_status":"closed","sticky":false,"template":"","format":"standard","meta":{"footnotes":""},"categories":[8,46,39,13,73,34,80,26,24],"tags":[],"class_list":["post-24383","post","type-post","status-publish","format-standard","hentry","category-bauarbeiten","category-filderbereich","category-land-bw","category-laerm","category-oekologie","category-planfeststellung","category-s-bahn","category-stadt-stuttgart","category-verkehr"],"_links":{"self":[{"href":"https:\/\/netzwerke-21.de\/index.php?rest_route=\/wp\/v2\/posts\/24383","targetHints":{"allow":["GET"]}}],"collection":[{"href":"https:\/\/netzwerke-21.de\/index.php?rest_route=\/wp\/v2\/posts"}],"about":[{"href":"https:\/\/netzwerke-21.de\/index.php?rest_route=\/wp\/v2\/types\/post"}],"author":[{"embeddable":true,"href":"https:\/\/netzwerke-21.de\/index.php?rest_route=\/wp\/v2\/users\/6"}],"replies":[{"embeddable":true,"href":"https:\/\/netzwerke-21.de\/index.php?rest_route=%2Fwp%2Fv2%2Fcomments&post=24383"}],"version-history":[{"count":1,"href":"https:\/\/netzwerke-21.de\/index.php?rest_route=\/wp\/v2\/posts\/24383\/revisions"}],"predecessor-version":[{"id":24384,"href":"https:\/\/netzwerke-21.de\/index.php?rest_route=\/wp\/v2\/posts\/24383\/revisions\/24384"}],"wp:attachment":[{"href":"https:\/\/netzwerke-21.de\/index.php?rest_route=%2Fwp%2Fv2%2Fmedia&parent=24383"}],"wp:term":[{"taxonomy":"category","embeddable":true,"href":"https:\/\/netzwerke-21.de\/index.php?rest_route=%2Fwp%2Fv2%2Fcategories&post=24383"},{"taxonomy":"post_tag","embeddable":true,"href":"https:\/\/netzwerke-21.de\/index.php?rest_route=%2Fwp%2Fv2%2Ftags&post=24383"}],"curies":[{"name":"wp","href":"https:\/\/api.w.org\/{rel}","templated":true}]}}