{"id":24275,"date":"2017-06-23T22:49:14","date_gmt":"2017-06-23T20:49:14","guid":{"rendered":"http:\/\/netzwerke-21.de\/?p=24275"},"modified":"2017-06-23T23:07:13","modified_gmt":"2017-06-23T21:07:13","slug":"planunterlagen-zum-pfa-1-3b-gaeubahnfuehrung-und-praesentationen-der-bahn-online-einsehbar","status":"publish","type":"post","link":"https:\/\/netzwerke-21.de\/?p=24275","title":{"rendered":"Planunterlagen zum PFA 1.3b &#8222;G\u00e4ubahnf\u00fchrung&#8220; und Pr\u00e4sentationen der Bahn online einsehbar"},"content":{"rendered":"<p>Das Anh\u00f6rungsverfahren zum zum Planfeststellungsabschnitt 1.3b &#8222;G\u00e4ubahnf\u00fchrung&#8220;\u00a0 ist eingeleitet. Die Bekanntmachungstexte f\u00fcr die verschiedenen betroffenen Gemeinden sowie Planunterlagen sind nun online auf der <a href=\"https:\/\/rp.baden-wuerttemberg.de\/rps\/Abt2\/Ref24\/Seiten\/S21_pfa_1_3b_Gaeubahnfuehrung.aspx\">Webseite des Regierungspr\u00e4sidiums<\/a> verf\u00fcgbar. Der Umfang der Unterlagen umfasst 20 Aktenordner mit 23 Unterlagen:<img loading=\"lazy\" decoding=\"async\" class=\"attachment-900x900 \" src=\"http:\/\/netzwerke-21.de\/wordpress\/wp-content\/uploads\/Ordner-PFA-1.3b.jpg\" sizes=\"auto, (max-width: 848px) 100vw, 848px\" srcset=\"http:\/\/netzwerke-21.de\/wordpress\/wp-content\/uploads\/Ordner-PFA-1.3b.jpg 848w, http:\/\/netzwerke-21.de\/wordpress\/wp-content\/uploads\/Ordner-PFA-1.3b-300x191.jpg 300w, http:\/\/netzwerke-21.de\/wordpress\/wp-content\/uploads\/Ordner-PFA-1.3b-768x489.jpg 768w\" alt=\"\" width=\"624\" height=\"398\" \/><\/p>\n<p>Bis Dienstag, 1.August 2017 l\u00e4uft die Einwendefrist. Die Beh\u00f6rde hat eine \u00dcbersicht dieses Abschnitts ver\u00f6ffentlicht:<\/p>\n<p><img loading=\"lazy\" decoding=\"async\" class=\"thumbnail\" src=\"http:\/\/netzwerke-21.de\/wordpress\/wp-content\/uploads\/Grafik-Abschnitt-1.3b.jpg\" alt=\"\" width=\"597\" height=\"293\" \/><\/p>\n<p>Auch die in den Informationsveranstaltungen gezeigten Pr\u00e4sentationen der DB Projekt Stuttgart-Ulm GmbH Bahn sind online auf der <a href=\"http:\/\/www.bahnprojekt-stuttgart-ulm.de\/mediathek\/detail\/media\/pfa-13b-informationsveranstaltungen-zur-offenlage\/mediaParameter\/show\/Medium\/\">Webseite der Projektgesellschaft<\/a> abrufbar.<\/p>\n","protected":false},"excerpt":{"rendered":"<p>Das Anh\u00f6rungsverfahren zum zum Planfeststellungsabschnitt 1.3b &#8222;G\u00e4ubahnf\u00fchrung&#8220;\u00a0 ist eingeleitet. Die Bekanntmachungstexte f\u00fcr die verschiedenen betroffenen Gemeinden sowie Planunterlagen sind nun online auf der Webseite des Regierungspr\u00e4sidiums verf\u00fcgbar. Der Umfang der Unterlagen umfasst 20 Aktenordner mit 23 Unterlagen: Bis Dienstag, 1.August &hellip; <a href=\"https:\/\/netzwerke-21.de\/?p=24275\">Weiterlesen <span class=\"meta-nav\">&rarr;<\/span><\/a><\/p>\n","protected":false},"author":6,"featured_media":0,"comment_status":"closed","ping_status":"closed","sticky":false,"template":"","format":"standard","meta":{"footnotes":""},"categories":[46,39,34],"tags":[],"class_list":["post-24275","post","type-post","status-publish","format-standard","hentry","category-filderbereich","category-land-bw","category-planfeststellung"],"_links":{"self":[{"href":"https:\/\/netzwerke-21.de\/index.php?rest_route=\/wp\/v2\/posts\/24275","targetHints":{"allow":["GET"]}}],"collection":[{"href":"https:\/\/netzwerke-21.de\/index.php?rest_route=\/wp\/v2\/posts"}],"about":[{"href":"https:\/\/netzwerke-21.de\/index.php?rest_route=\/wp\/v2\/types\/post"}],"author":[{"embeddable":true,"href":"https:\/\/netzwerke-21.de\/index.php?rest_route=\/wp\/v2\/users\/6"}],"replies":[{"embeddable":true,"href":"https:\/\/netzwerke-21.de\/index.php?rest_route=%2Fwp%2Fv2%2Fcomments&post=24275"}],"version-history":[{"count":7,"href":"https:\/\/netzwerke-21.de\/index.php?rest_route=\/wp\/v2\/posts\/24275\/revisions"}],"predecessor-version":[{"id":24284,"href":"https:\/\/netzwerke-21.de\/index.php?rest_route=\/wp\/v2\/posts\/24275\/revisions\/24284"}],"wp:attachment":[{"href":"https:\/\/netzwerke-21.de\/index.php?rest_route=%2Fwp%2Fv2%2Fmedia&parent=24275"}],"wp:term":[{"taxonomy":"category","embeddable":true,"href":"https:\/\/netzwerke-21.de\/index.php?rest_route=%2Fwp%2Fv2%2Fcategories&post=24275"},{"taxonomy":"post_tag","embeddable":true,"href":"https:\/\/netzwerke-21.de\/index.php?rest_route=%2Fwp%2Fv2%2Ftags&post=24275"}],"curies":[{"name":"wp","href":"https:\/\/api.w.org\/{rel}","templated":true}]}}