{"id":23843,"date":"2017-05-16T22:40:57","date_gmt":"2017-05-16T20:40:57","guid":{"rendered":"http:\/\/netzwerke-21.de\/?p=23843"},"modified":"2017-05-16T22:40:57","modified_gmt":"2017-05-16T20:40:57","slug":"stz-zeit-fuer-grosse-wendlinger-kurve-laeuft-ab","status":"publish","type":"post","link":"https:\/\/netzwerke-21.de\/?p=23843","title":{"rendered":"StZ: Zeit f\u00fcr gro\u00dfe Wendlinger Kurve l\u00e4uft ab"},"content":{"rendered":"<p><strong>StZ:<\/strong><a title=\"\" href=\"http:\/\/www.stuttgarter-zeitung.de\/inhalt.stuttgart-21-zeit-fuer-grosse-wendlinger-kurve-laeuft-ab.2a908e8a-a433-4179-a0db-9edcbbbfd6b7.html\" target=\"_blank\" rel=\"noopener noreferrer\"> Zeit f\u00fcr gro\u00dfe Wendlinger Kurve l\u00e4uft ab<strong>: <\/strong><\/a><em>&#8222;Die Politik sucht Wege, um im Neckartal den kreuzungsfreien Verkn\u00fcpfung der Neubaustrecke mit den Gleisen nach T\u00fcbingen zu finanzieren. Die Bahn mahnt, \u00c4nderungen an der bisher genehmigten Planung, k\u00f6nnten das anvisierte Inbetriebnahmedatum 2021 gef\u00e4hrden.&#8220;<\/em><\/p>\n","protected":false},"excerpt":{"rendered":"<p>StZ: Zeit f\u00fcr gro\u00dfe Wendlinger Kurve l\u00e4uft ab: &#8222;Die Politik sucht Wege, um im Neckartal den kreuzungsfreien Verkn\u00fcpfung der Neubaustrecke mit den Gleisen nach T\u00fcbingen zu finanzieren. Die Bahn mahnt, \u00c4nderungen an der bisher genehmigten Planung, k\u00f6nnten das anvisierte Inbetriebnahmedatum &hellip; <a href=\"https:\/\/netzwerke-21.de\/?p=23843\">Weiterlesen <span class=\"meta-nav\">&rarr;<\/span><\/a><\/p>\n","protected":false},"author":6,"featured_media":0,"comment_status":"closed","ping_status":"closed","sticky":false,"template":"","format":"standard","meta":{"footnotes":""},"categories":[1,40,39,53],"tags":[],"class_list":["post-23843","post","type-post","status-publish","format-standard","hentry","category-allgemein","category-bund","category-land-bw","category-zeitplan"],"_links":{"self":[{"href":"https:\/\/netzwerke-21.de\/index.php?rest_route=\/wp\/v2\/posts\/23843","targetHints":{"allow":["GET"]}}],"collection":[{"href":"https:\/\/netzwerke-21.de\/index.php?rest_route=\/wp\/v2\/posts"}],"about":[{"href":"https:\/\/netzwerke-21.de\/index.php?rest_route=\/wp\/v2\/types\/post"}],"author":[{"embeddable":true,"href":"https:\/\/netzwerke-21.de\/index.php?rest_route=\/wp\/v2\/users\/6"}],"replies":[{"embeddable":true,"href":"https:\/\/netzwerke-21.de\/index.php?rest_route=%2Fwp%2Fv2%2Fcomments&post=23843"}],"version-history":[{"count":1,"href":"https:\/\/netzwerke-21.de\/index.php?rest_route=\/wp\/v2\/posts\/23843\/revisions"}],"predecessor-version":[{"id":23844,"href":"https:\/\/netzwerke-21.de\/index.php?rest_route=\/wp\/v2\/posts\/23843\/revisions\/23844"}],"wp:attachment":[{"href":"https:\/\/netzwerke-21.de\/index.php?rest_route=%2Fwp%2Fv2%2Fmedia&parent=23843"}],"wp:term":[{"taxonomy":"category","embeddable":true,"href":"https:\/\/netzwerke-21.de\/index.php?rest_route=%2Fwp%2Fv2%2Fcategories&post=23843"},{"taxonomy":"post_tag","embeddable":true,"href":"https:\/\/netzwerke-21.de\/index.php?rest_route=%2Fwp%2Fv2%2Ftags&post=23843"}],"curies":[{"name":"wp","href":"https:\/\/api.w.org\/{rel}","templated":true}]}}