{"id":23788,"date":"2017-05-08T21:02:05","date_gmt":"2017-05-08T19:02:05","guid":{"rendered":"http:\/\/netzwerke-21.de\/?p=23788"},"modified":"2017-05-18T23:24:24","modified_gmt":"2017-05-18T21:24:24","slug":"stn-stuttgart-21-vor-dem-verfassungsgericht","status":"publish","type":"post","link":"https:\/\/netzwerke-21.de\/?p=23788","title":{"rendered":"Organklage der Gr\u00fcnen-Fraktion wegen fehlender Ausk\u00fcnfte \u00fcber Stuttgart 21 vor dem Verfassungsgericht"},"content":{"rendered":"<p>Update: 18.05.2017:<\/p>\n<p><strong>StN: <\/strong><a title=\"StN: Stuttgart 21 vor dem Verfassungsgericht\" href=\"http:\/\/www.stuttgarter-nachrichten.de.ln.is\/oBL9h\" target=\"_blank\" rel=\"noopener noreferrer\">Stuttgart 21 vor dem Verfassungsgericht<\/a>: &#8222;<em>Aus Sicht der Gr\u00fcnen verweigerte die Bundesregierung Ausk\u00fcnfte zu Stuttgart 21. Das Verfassungsgericht in Karlsruhe wird ihre Klage nun verhandeln.<\/em><strong>&#8222;<\/strong><\/p>\n<p><strong>SWR:<\/strong> <a title=\"SWR: S21, Banker-Boni - Opposition fordert mehr Infos\" href=\"http:\/\/www.swr.de\/swraktuell\/verfassungsgericht-verhandelt-informationspflicht-operation-am-offenen-herzen-der-demokratie\/-\/id=396\/did=19509522\/nid=396\/19s9ux7\/index.html\" target=\"_blank\" rel=\"noopener noreferrer\"><span class=\"headline small\">S21, Banker-Boni &#8211; Opposition fordert mehr Infos<\/span><\/a>: &#8222;<em>Die Karlsruher Verfassungsrichter m\u00fcssen jetzt ganz grunds\u00e4tzlich kl\u00e4ren, wie weit das Fragerecht reicht. Konkret geht es um Anfragen der Gr\u00fcnen zur Deutschen Bahn und zur Bankenkrise. Bei Fragen, wo die Mehrkosten f\u00fcr Stuttgart 21 herkommen oder was die meisten Zugversp\u00e4tungen verursacht, habe die Bundesregierung oft die Antwort verweigert, sagt Konstantin von Notz. Begr\u00fcndung der Regierung: \u00dcber Unternehmensentscheidungen k\u00f6nne es keine Auskunft geben. Wenn auf diese Weise Fragen nicht beantwortet w\u00fcrden, leide aber nicht nur die Kontrolle der Regierung, auch die Gesetzgebung werde schwieriger. &#8222;Wenn die Bundesregierung Ausk\u00fcnfte verweigert &#8211; wo kommt es wie zu Versp\u00e4tungen, auf welchen Strecken &#8211; dann k\u00f6nnen politische Entscheidungen im Hinblick auf die Infrastruktur der Bahn \u00fcberhaupt nicht kompetent getroffen werden&#8220;, sagt von Notz.&#8220;<\/em><\/p>\n<p><strong>Tagesspiegel:<\/strong> <a title=\"Gr\u00fcne verlangen umfassende Ausk\u00fcnfte von der Regierung\" href=\"http:\/\/www.tagesspiegel.de\/politik\/bundesverfassungsgericht-gruene-verlangen-umfassende-auskuenfte-von-der-regierung\/19777190.html\" target=\"_blank\" rel=\"noopener noreferrer\"><span class=\"ts-headline\">Gr\u00fcne verlangen umfassende Ausk\u00fcnfte von der Regierung<\/span><\/a>: <em>&#8222;Der Konflikt zeugt vom unterschiedlichen Verst\u00e4ndnis, das bei Kl\u00e4gern und der beklagten Exekutive \u00fcber politische Verantwortung besteht. Die Regierung meint, sie schulde nur Ausk\u00fcnfte aus dem Bereich, in dem sie selbst t\u00e4tig wird. Am Beispiel Bahn w\u00e4re das ihre Einflussnahme als als alleiniger Gesellschafter. Fragen zur operativen Gesch\u00e4ftsf\u00fchrung m\u00fcssen dagegen nicht beantwortet werden. Den Kl\u00e4gern reicht das nicht, unterstreicht ihr Prozessvertreter Christoph M\u00f6llers, Staatsrechtler an der Berliner Humboldt-Universit\u00e4t. Regieren sei mehr als nur verwalten, sagt er. Der Bundestag verhandele \u00f6ffentlich, entsprechend m\u00fcssten seine Informationen \u00f6ffentlich sein.&#8220;<\/em><\/p>\n<p><strong>Tagesspiegel:<\/strong> <span class=\"ts-headline\"><a title=\"Verfassungsrichter k\u00f6nnten Bahn zur Auskunft verpflichten\" href=\"http:\/\/www.tagesspiegel.de\/politik\/klage-der-gruenen-verfassungsrichter-koennten-bahn-zur-auskunft-verpflichten\/19782470.html\" target=\"_blank\" rel=\"noopener noreferrer\">Verfassungsrichter k\u00f6nnten Bahn zur Auskunft verpflichten<\/a>: &#8222;<em>Die Deutsche Bahn AG k\u00f6nnte k\u00fcnftig dazu verpflichtet sein, das Parlament n\u00e4her \u00fcber seinen Gesch\u00e4ftsbetrieb zu informieren. Das Bundesverfassungsgericht zeigte am Mittwoch am zweiten Verhandlungstag zu einer Organklage der Gr\u00fcnen-Fraktion Zweifel an der bisherigen Auskunftspraxis, nach der die Regierung Informationen zum operativen Gesch\u00e4ft gegen\u00fcber dem Bundestag ausklammert. Die Richter betonten &#8222;St\u00f6rgef\u00fchle&#8220; angesichts der Tatsache, dass die Bundesrepublik Alleingesellschafter der nach Aktienrecht organisierten Bahn ist und die Regierung die Anteile verwalte.&#8220;<\/em><br \/>\n<\/span><\/p>\n<p><strong>Kontext:<\/strong> <a href=\"https:\/\/www.kontextwochenzeitung.de\/politik\/320\/bahn-versus-grundgesetz-4368.html\">Bahn versus Grundgesetz: <\/a><em>&#8222;Staatsbetrieb oder Privatfirma? Dass die Deutsche Bahn eine h\u00f6chst problematische Konstruktion ist, wurde auch vor dem Bundesverfassungsgericht offenbar. Das befindet \u00fcber eine Klage der Gr\u00fcnen zur Auskunftspflicht der Bundesregierung. Bedeutung hat das Urteil auch im Falle einer Autobahnprivatisierung.&#8220;<\/em><\/p>\n","protected":false},"excerpt":{"rendered":"<p>Update: 18.05.2017: StN: Stuttgart 21 vor dem Verfassungsgericht: &#8222;Aus Sicht der Gr\u00fcnen verweigerte die Bundesregierung Ausk\u00fcnfte zu Stuttgart 21. Das Verfassungsgericht in Karlsruhe wird ihre Klage nun verhandeln.&#8222; SWR: S21, Banker-Boni &#8211; Opposition fordert mehr Infos: &#8222;Die Karlsruher Verfassungsrichter m\u00fcssen &hellip; <a href=\"https:\/\/netzwerke-21.de\/?p=23788\">Weiterlesen <span class=\"meta-nav\">&rarr;<\/span><\/a><\/p>\n","protected":false},"author":6,"featured_media":0,"comment_status":"closed","ping_status":"closed","sticky":false,"template":"","format":"standard","meta":{"footnotes":""},"categories":[1,40,62,59],"tags":[],"class_list":["post-23788","post","type-post","status-publish","format-standard","hentry","category-allgemein","category-bund","category-klageverfahren","category-kosten"],"_links":{"self":[{"href":"https:\/\/netzwerke-21.de\/index.php?rest_route=\/wp\/v2\/posts\/23788","targetHints":{"allow":["GET"]}}],"collection":[{"href":"https:\/\/netzwerke-21.de\/index.php?rest_route=\/wp\/v2\/posts"}],"about":[{"href":"https:\/\/netzwerke-21.de\/index.php?rest_route=\/wp\/v2\/types\/post"}],"author":[{"embeddable":true,"href":"https:\/\/netzwerke-21.de\/index.php?rest_route=\/wp\/v2\/users\/6"}],"replies":[{"embeddable":true,"href":"https:\/\/netzwerke-21.de\/index.php?rest_route=%2Fwp%2Fv2%2Fcomments&post=23788"}],"version-history":[{"count":14,"href":"https:\/\/netzwerke-21.de\/index.php?rest_route=\/wp\/v2\/posts\/23788\/revisions"}],"predecessor-version":[{"id":23860,"href":"https:\/\/netzwerke-21.de\/index.php?rest_route=\/wp\/v2\/posts\/23788\/revisions\/23860"}],"wp:attachment":[{"href":"https:\/\/netzwerke-21.de\/index.php?rest_route=%2Fwp%2Fv2%2Fmedia&parent=23788"}],"wp:term":[{"taxonomy":"category","embeddable":true,"href":"https:\/\/netzwerke-21.de\/index.php?rest_route=%2Fwp%2Fv2%2Fcategories&post=23788"},{"taxonomy":"post_tag","embeddable":true,"href":"https:\/\/netzwerke-21.de\/index.php?rest_route=%2Fwp%2Fv2%2Ftags&post=23788"}],"curies":[{"name":"wp","href":"https:\/\/api.w.org\/{rel}","templated":true}]}}