{"id":23622,"date":"2017-04-28T00:03:42","date_gmt":"2017-04-27T22:03:42","guid":{"rendered":"http:\/\/netzwerke-21.de\/?p=23622"},"modified":"2017-04-28T09:05:10","modified_gmt":"2017-04-28T07:05:10","slug":"von-betonwuesten-depressionsbunker-und-einem-baustellenflug-ueber-den-suedkopf","status":"publish","type":"post","link":"https:\/\/netzwerke-21.de\/?p=23622","title":{"rendered":"Von Betonw\u00fcsten, Depressionsbunkern und einem Baustellenflug \u00fcber den S\u00fcdkopf"},"content":{"rendered":"<p>Im Internetauftrit der Stuttgarter Zeitung wird aktuell die Fotodokumentation &#8222;<em>Betonw\u00fcsten und Baus\u00fcnden<\/em>. <em>Das sind Stuttgarts h\u00e4sslichste Orte&#8220;<\/em> (<a title=\"StZN: Betonw\u00fcsten und Baus\u00fcnden Das sind Stuttgarts h\u00e4sslichste Orte\" href=\"http:\/\/www.stuttgarter-zeitung.de\/inhalt.betonwuesten-und-bausuenden-das-sind-stuttgarts-haesslichste-orte.c8f4699e-da96-4d64-8893-b74274c78b14.html\" target=\"_blank\" rel=\"noopener noreferrer\">hier<\/a>) am meisten angeklickt. Darin sind u.a. Fotos vom Gebhard-M\u00fcller-Platz und der Stuttgart 21-Baustelle zu finden. Der StZN-Beitrag kommentiert diese Bilder mit den folgenden Worten: <strong><br \/>\n<\/strong><\/p>\n<p><em>&#8222;Gebhard-M\u00fcller-Platz. Die Verkehrskreuzung an der Staatsgalerie ist so lebensfeindlich, dass es einen schier schaudert&#8230;. Der Verkehrsknotenpunkt Gebhard-M\u00fcller-Platz ist ein Paradebeispiel, wenn es darum geht, Stuttgarts punktuelle H\u00e4sslichkeit zu visualisieren&#8230;\u00a0 Blechlawinen so weit das Auge reicht: Der Mensch f\u00fchlt sich fremd in solcher Umgebung. Solche Pl\u00e4tze und Geb\u00e4ude verfinstern das Gem\u00fct&#8230; S21-Baustelle: Stuttgart\u200921 ist eines der umstrittensten Bauprojekte des Landes. Die riesige Baustelle macht den Hauptbahnhof derzeit zu einem wahren Depressionsbunker&#8230; Die S21-Bauarbeiten werden das Bild der Stadt noch f\u00fcr Jahre pr\u00e4gen&#8230;<\/em>&#8222;.<\/p>\n<p>Die Stuttgarter und insbesondere die Anwohner des Kernerviertels m\u00fcssen noch viele Jahre mit dem Anblick und den Beitr\u00e4chtigungen durch die S21-Bauarbeiten leben. Was die einen als eine &#8222;Baustellenw\u00fcste&#8220; und einen &#8222;Depressionsbunker&#8220; erleben, ist f\u00fcr die DB Projekt Stuttgart Ulm GmbH ein Anlass zu einem Baustellen\u00fcberflug \u00fcber den S\u00fcdkopf des k\u00fcnftigen &#8222;Tiefbahnhofs&#8220;, der\u00a0 auf ihrer Webseite und youtube (<a title=\"Tunnel S\u00fcdkopf Stuttgart 21\" href=\"https:\/\/www.youtube.com\/watch?v=NJ_c0eisQVU\" target=\"_blank\" rel=\"noopener noreferrer\">hier<\/a>) zu finden ist.<\/p>\n<p><iframe loading=\"lazy\" src=\"https:\/\/www.youtube.com\/embed\/NJ_c0eisQVU\" width=\"560\" height=\"315\" frameborder=\"0\" allowfullscreen=\"allowfullscreen\"><\/iframe><\/p>\n<p>In der Youtube-Ank\u00fcndigung der Ende M\u00e4rz gemachten Aufnahmen hei\u00dft es: &#8222;<em>Rettungstunnel, Stadtbahnhalt, D\u00fcker, F\u00f6rderband \u2013 es tut sich viel am S\u00fcdkopf des k\u00fcnftigen Stuttgarter Hauptbahnhofs. Heben Sie ab zu einem Flug \u00fcbers Baufeld: Kubikmeter f\u00fcr Kubikmeter tiefer wird die \u00fcber 10 Meter breite Furche, in der jener gro\u00dfe D\u00fcker entsteht, um den Nesenbach umzuleiten. Direkt auf dem S\u00fcdkopf baut die Stuttgarter Stra\u00dfenbahnen AG \u2013 der Abrissbagger bei\u00dft sich l\u00e4ngst durch den Beton des alten Haltestellenzugangs &#8211; den neuen Stadtbahnhalt Staatsgalerie. Das Portal der k\u00fcnftigen Rettungszufahrt zu den gro\u00dfen Stuttgart-21-Tunnel wenige Meter weiter l\u00e4sst sich unter dem L\u00e4rmschutzdach wiederum nur erahnen, und nur w\u00e4hrend des Tunnelvortriebs spannt sich das blechern umh\u00fcllte F\u00f6rderband von der Rettungszufahrt ins Baufeld am Bonatz-Bau, um die Ausbruchmassen ans Tageslicht zu bringen. Eher versteckt nimmt derzeit am Fu\u00df des Kernerviertels das s\u00fcdlichste Baufeld der Talquerung Formen. Der S\u00fcdkopf bildet einmal den \u00dcbergang von der modernen Bahnsteighalle des Hauptbahnhofs zu den bergm\u00e4nnisch vorgetriebenen Eisenbahntunnel Richtung Filderebene und Richtung Neckartal. Fliegen Sie mit.&#8220;<\/em><\/p>\n","protected":false},"excerpt":{"rendered":"<p>Im Internetauftrit der Stuttgarter Zeitung wird aktuell die Fotodokumentation &#8222;Betonw\u00fcsten und Baus\u00fcnden. Das sind Stuttgarts h\u00e4sslichste Orte&#8220; (hier) am meisten angeklickt. Darin sind u.a. Fotos vom Gebhard-M\u00fcller-Platz und der Stuttgart 21-Baustelle zu finden. Der StZN-Beitrag kommentiert diese Bilder mit den &hellip; <a href=\"https:\/\/netzwerke-21.de\/?p=23622\">Weiterlesen <span class=\"meta-nav\">&rarr;<\/span><\/a><\/p>\n","protected":false},"author":6,"featured_media":0,"comment_status":"closed","ping_status":"closed","sticky":false,"template":"","format":"standard","meta":{"footnotes":""},"categories":[1,8,71,21,58],"tags":[],"class_list":["post-23622","post","type-post","status-publish","format-standard","hentry","category-allgemein","category-bauarbeiten","category-baufortschritt","category-kernerviertel","category-tiefbahnhof"],"_links":{"self":[{"href":"https:\/\/netzwerke-21.de\/index.php?rest_route=\/wp\/v2\/posts\/23622","targetHints":{"allow":["GET"]}}],"collection":[{"href":"https:\/\/netzwerke-21.de\/index.php?rest_route=\/wp\/v2\/posts"}],"about":[{"href":"https:\/\/netzwerke-21.de\/index.php?rest_route=\/wp\/v2\/types\/post"}],"author":[{"embeddable":true,"href":"https:\/\/netzwerke-21.de\/index.php?rest_route=\/wp\/v2\/users\/6"}],"replies":[{"embeddable":true,"href":"https:\/\/netzwerke-21.de\/index.php?rest_route=%2Fwp%2Fv2%2Fcomments&post=23622"}],"version-history":[{"count":12,"href":"https:\/\/netzwerke-21.de\/index.php?rest_route=\/wp\/v2\/posts\/23622\/revisions"}],"predecessor-version":[{"id":23647,"href":"https:\/\/netzwerke-21.de\/index.php?rest_route=\/wp\/v2\/posts\/23622\/revisions\/23647"}],"wp:attachment":[{"href":"https:\/\/netzwerke-21.de\/index.php?rest_route=%2Fwp%2Fv2%2Fmedia&parent=23622"}],"wp:term":[{"taxonomy":"category","embeddable":true,"href":"https:\/\/netzwerke-21.de\/index.php?rest_route=%2Fwp%2Fv2%2Fcategories&post=23622"},{"taxonomy":"post_tag","embeddable":true,"href":"https:\/\/netzwerke-21.de\/index.php?rest_route=%2Fwp%2Fv2%2Ftags&post=23622"}],"curies":[{"name":"wp","href":"https:\/\/api.w.org\/{rel}","templated":true}]}}