{"id":23266,"date":"2017-04-03T23:11:18","date_gmt":"2017-04-03T21:11:18","guid":{"rendered":"http:\/\/netzwerke-21.de\/?p=23266"},"modified":"2017-04-04T08:05:39","modified_gmt":"2017-04-04T06:05:39","slug":"die-reden-von-angelika-linckh-und-juergen-resch-auf-der-kundgebung-gitfreie-atemluft-fuer-alle","status":"publish","type":"post","link":"https:\/\/netzwerke-21.de\/?p=23266","title":{"rendered":"Die Reden von Angelika Linckh und J\u00fcrgen Resch auf der Kundgebung &#8222;Gitfreie Atemluft f\u00fcr alle&#8220; \/ &#8222;Atemlos&#8220;"},"content":{"rendered":"<p>\u00dcber Stuttgart als Automobilstadt mit den schlechtesten Luftwerten Deutschlands, den geplanten Fahrverboten f\u00fcr Diesel-Pkws und der seit mehr als zehnj\u00e4hrigen Arbeit der BI Neckartor wird mittlerweile auch international berichtet, beispielsweise im britischen Guardian (<a title=\"Guardian: Stuttgart residents sue mayor for 'bodily harm' caused by air pollution\" href=\"https:\/\/www.theguardian.com\/cities\/2017\/mar\/02\/stuttgart-residents-sue-mayor-bodily-harm-air-pollution?CMP=share_btn_tw#img-3\" target=\"_blank\">hier<\/a>). Weitere Artikel finden Sie im<a href=\"https:\/\/bineckartor.wordpress.com\/2017\/03\/16\/pressespiegel\/\"> aktuellen Pressespiegel der BI Neckartor<\/a>.<\/p>\n<p>Letzte Woche fand die von der BI Neckartor, Fuss und anderen Umweltverb\u00e4nden organisierte Kundgebung &#8222;Giftfreie Atemluft f\u00fcr alle&#8220; statt, auf der J\u00fcrgen Resch, der Gesch\u00e4ftsf\u00fchrer der Umwelthilfe, und die \u00c4rztin Dr. Angelika Linckh sprachen. Die beiden sehr empfehlenswerten Reden, die sich mit den Ursachen und den Folgen der Schadstoffbelastung im Stuttgarter Kessel besch\u00e4ftigen, finden Sie sowohl als Video als auch im Text auf der Webseite der BI Neckartor (<a href=\"https:\/\/bineckartor.wordpress.com\/2017\/04\/01\/giftfreie-atemluft-fuer-alle-rede2\/\">Rede J\u00fcrgen Resch<\/a> \/ <a href=\"https:\/\/bineckartor.wordpress.com\/2017\/03\/30\/giftfreie-atemluft-fuer-alle-rede-1\/\">Rede Dr. Angelika Linckh<\/a>).<\/p>\n<p>Ebenfalls nicht verpasst werden sollte der dort eingestellte knapp dreimin\u00fctige Film &#8222;<a href=\"https:\/\/bineckartor.wordpress.com\/2017\/03\/29\/wir-haben-dem-daemon-die-hand-geschuettelt\/\">Atemlos&#8220;<\/a> von Daniel Bahr und Aha! Film, an dem zwanzig Studenten der Filmakademie Ludwigsburg mit gewirkt haben.<\/p>\n","protected":false},"excerpt":{"rendered":"<p>\u00dcber Stuttgart als Automobilstadt mit den schlechtesten Luftwerten Deutschlands, den geplanten Fahrverboten f\u00fcr Diesel-Pkws und der seit mehr als zehnj\u00e4hrigen Arbeit der BI Neckartor wird mittlerweile auch international berichtet, beispielsweise im britischen Guardian (hier). Weitere Artikel finden Sie im aktuellen &hellip; <a href=\"https:\/\/netzwerke-21.de\/?p=23266\">Weiterlesen <span class=\"meta-nav\">&rarr;<\/span><\/a><\/p>\n","protected":false},"author":6,"featured_media":0,"comment_status":"closed","ping_status":"closed","sticky":false,"template":"","format":"standard","meta":{"footnotes":""},"categories":[21,42,73,80,11,26,58,10,24],"tags":[],"class_list":["post-23266","post","type-post","status-publish","format-standard","hentry","category-kernerviertel","category-luftschadstoffe-feinstaub","category-oekologie","category-s-bahn","category-ssb","category-stadt-stuttgart","category-tiefbahnhof","category-veranstaltungen","category-verkehr"],"_links":{"self":[{"href":"https:\/\/netzwerke-21.de\/index.php?rest_route=\/wp\/v2\/posts\/23266","targetHints":{"allow":["GET"]}}],"collection":[{"href":"https:\/\/netzwerke-21.de\/index.php?rest_route=\/wp\/v2\/posts"}],"about":[{"href":"https:\/\/netzwerke-21.de\/index.php?rest_route=\/wp\/v2\/types\/post"}],"author":[{"embeddable":true,"href":"https:\/\/netzwerke-21.de\/index.php?rest_route=\/wp\/v2\/users\/6"}],"replies":[{"embeddable":true,"href":"https:\/\/netzwerke-21.de\/index.php?rest_route=%2Fwp%2Fv2%2Fcomments&post=23266"}],"version-history":[{"count":29,"href":"https:\/\/netzwerke-21.de\/index.php?rest_route=\/wp\/v2\/posts\/23266\/revisions"}],"predecessor-version":[{"id":23295,"href":"https:\/\/netzwerke-21.de\/index.php?rest_route=\/wp\/v2\/posts\/23266\/revisions\/23295"}],"wp:attachment":[{"href":"https:\/\/netzwerke-21.de\/index.php?rest_route=%2Fwp%2Fv2%2Fmedia&parent=23266"}],"wp:term":[{"taxonomy":"category","embeddable":true,"href":"https:\/\/netzwerke-21.de\/index.php?rest_route=%2Fwp%2Fv2%2Fcategories&post=23266"},{"taxonomy":"post_tag","embeddable":true,"href":"https:\/\/netzwerke-21.de\/index.php?rest_route=%2Fwp%2Fv2%2Ftags&post=23266"}],"curies":[{"name":"wp","href":"https:\/\/api.w.org\/{rel}","templated":true}]}}