{"id":2318,"date":"2014-03-18T01:04:43","date_gmt":"2014-03-17T23:04:43","guid":{"rendered":"http:\/\/netzwerke-21.de\/?p=2318"},"modified":"2014-03-21T23:35:44","modified_gmt":"2014-03-21T21:35:44","slug":"laermschutz-ausser-kontrolle-bei-stuttgart-21","status":"publish","type":"post","link":"https:\/\/netzwerke-21.de\/?p=2318","title":{"rendered":"L\u00e4rmschutzplanung bei Stuttgart 21 au\u00dfer Kontrolle &#8211;               Netzwerk Kernerviertel fordert Eingreifen der Stadt Stuttgart"},"content":{"rendered":"<p>Die Bahn hat letzte Woche in einer Pressekonferenz angek\u00fcndigt, dass sie im Fr\u00fchsommer mit den ersten Tiefbauarbeiten starten wird. Der L\u00e4rm dieser langj\u00e4hrigen Bauarbeiten rund um den Hauptbahnhof wird nicht nur die Anwohner im Kernerviertel, sondern auch die umliegenden Gesch\u00e4fte, Hotels, B\u00fcros und Kultureinrichtungen, wie die Staatsgalerie,\u00a0 das Schauspielhaus oder das Planetarium treffen.<\/p>\n<p>Nach den Auflagen der Planfeststellung muss die Bahn vor Baubeginn eine schalltech-nische Untersuchung dem Eisenbahn-Bundesamt vorlegen, in der s\u00e4mtliche parallel stattfindenden Bauarbeiten an den Baugruben, den Baubetriebsfl\u00e4chen und den Baustra\u00dfen unabh\u00e4ngig von der Zuweisung zu einem bestimmten Abschnitt aktuell bewertet werden. Die Schallgutachten haben \u00fcber die Wirksamkeit von Schallminder-ungsma\u00dfnahmen Ausk\u00fcnfte zu geben. Ebenso m\u00fcssen vorher geeignete Messpunkte festgelegt werden. Die Einsicht in zwei L\u00e4rmgutachten und die Recherchen des Netzwerks zeigen jedoch aktuell ein v\u00f6llig anderes Bild:<\/p>\n<p><!--more--><\/p>\n<ul>\n<li>Die Gutachten zum Kanal- und Trogbau sowie zum Tunnelbaubetrieb an der Rettungs-zufahrt spiegeln nicht das gesamte Baugeschehen wieder und eignen sich daher weder zur L\u00e4rmprognose der Umgebung noch zur Einsch\u00e4tzung der Konfiktpotentiale. Das Eisenbahnbundesamt als Aufsichtsbeh\u00f6rde h\u00e4lt es offensichtlich nicht f\u00fcr erforderlich, diese im Hinblick auf die Auflagen der Planfeststellung zu pr\u00fcfen. Erst auf Nachhaken des Netzwerks Kernerviertel nach einer umfassenden aktuellen L\u00e4rmplanung f\u00fcr alle betroffenen Wohngebiete forderte das EBA die Bahn wegen der isolierten L\u00e4rmpro-gnosen f\u00fcr den Kanal- und Trogbau zur Stellungnahme auf.<\/li>\n<li>Aktive Schutzma\u00dfnahmen bei den prognostizierten hohen Pegelwerten von \u00fcber 100 bis 120 dB(A) werden vom Gutachter pauschal unter Hinweis auf die besonderen \u00d6rt- lichkeiten ausgeschlossen. Selbst in der Planfeststellung verankerte L\u00e4rmschutzauf-lagen, wie die L\u00e4rmschutzwand an der Rettungszufahrt entlang der Neckarrealschule oder die L\u00e4rmbegrenzungen f\u00fcr station\u00e4re Anlagen am S\u00fcdkopf auf maximal 91 dB(A) (-&gt; F\u00f6rder- band Prognosewerte \u00fcber 100 dB(A)!) werden nicht beachtet.<\/li>\n<li>Die L\u00e4rmprognosen f\u00fcr einzelne Geb\u00e4ude beschr\u00e4nken sich auf ein eingeschr\u00e4nktes Gebiet s\u00fcdlich der S\u00e4ngerstaffel. Weitere Stra\u00dfenz\u00fcge entlang des Hangs, die unmittel- bar vom Baul\u00e4rm betroffen sind, werden dabei nicht ber\u00fccksichtigt.<\/li>\n<li>Der Gutachter, der seit \u00fcber 12 Jahren diese schalltechnischen Untersuchungen und L\u00e4rmgutachten verantwortet, soll gleichzeitig als unabh\u00e4ngiger Immissionsschutz-beauftragter bei Konfliktf\u00e4llen fungieren.<\/li>\n<li>Die Gutachten f\u00fcr den passiven Schallschutz (Schallschutzfenster), die farbigen Schall-ausbreitungskarten und die Liste der Messpunkte hat die Bahn bislang dem EBA nicht vorgelegt, obwohl die Entscheidung \u00fcber die aktiven und passiven Schallschutzma\u00df-nahmen nach den Planfeststellungsbeschl\u00fcssen im Verantwortungsbereich des EBA liegt.<\/li>\n<li>Die Bahn ignoriert trotz wiederholter Nachfragen bis hoch zum Co-Gesch\u00e4ftsf\u00fchrer der Stuttgart-Ulm GmbH die Antr\u00e4ge des Netzwerks auf Einsicht in die o.g. Unterlagen.<\/li>\n<\/ul>\n<p>Daher hat sich das Netzwerk Kernerviertel an den Bezirksbeirat Mitte gewandt und zu Beginn der Sitzung am 17.M\u00e4rz 2014 um Unterst\u00fctzung f\u00fcr einen Gespr\u00e4chstermin beim Oberb\u00fcrgermeister gebeten. Die Stadt Stuttgart, so eine der Forderungen des Netzwerks, soll die L\u00e4rmgutachten der Bahn \u00fcberpr\u00fcfen und regelm\u00e4\u00dfige Messungen rund um die Baustellen vornehmen. Der Bezirksbeirat Mitte hat diesem Antrag ohne Gegenstimmen entsprochen. Die Bezirksvorsteherin Veronika Kienzle will das <a href=\"http:\/\/netzwerke-21.de\/wordpress\/wp-content\/uploads\/140317-Handout-BB-Mitte-Laermplanung-S21.pdf\" target=\"_blank\">Handout des Netzwerks mit den detaillierten Rechercheinformationen f\u00fcr die Bezirksbeir\u00e4te<\/a> mit einem Begleitschreiben an den Oberb\u00fcrgermeister und den Baub\u00fcrgermeister weiterleiten. Auch die Stadtr\u00e4tin Clarissa Seitz erkl\u00e4rte in der Sitzung die Unterst\u00fctzung von Seiten der Gr\u00fcnen-Fraktion, die dazu noch eine Anfrage im Gemeindeart stellen wird.<\/p>\n<p>Dass die \u00dcberpr\u00fcfung und Kontrolle durch das Umweltamt der Stadt Stuttgart auch f\u00fcr alle anderen Stadtteile, die vom Baul\u00e4rm bei Stuttgart 21 betroffen sein werden, dringend erforderlich ist, zeigen auch die eklatanten L\u00e4rm\u00fcberschreitungen in Untert\u00fcrkheim, auf die das<a href=\"http:\/\/netzwerke-21.de\/?p=2142\" target=\"_blank\"> Infob\u00fcndnis Zukunft Schiene in einer Pressemitteilung und in einer Petition an den Deutschen Bundestag vor kurzem hingewiesen hatte<\/a>.<\/p>\n<p><span style=\"text-decoration: underline;\">Update 19.M\u00e4rz:<\/span> Die Stuttgarter Nachrichten berichteten heute (<a title=\"StN Anwohner f\u00fcrchten L\u00e4rm\" href=\"http:\/\/netzwerke-21.de\/wordpress\/wp-content\/uploads\/Stuttg-Nachr-18.3.2014.ipg_.jpeg\" target=\"_blank\">hier<\/a>), dass sich der Bezirksbeirat Mitte der Forderung des Netzwerks nach einer \u00dcberpr\u00fcfung der L\u00e4rmgutachten angeschlossen hat. Das Kommunikationsb\u00fcro der Bahn beteuert gegen\u00fcber der StN, dass keine L\u00e4rmkonflikte mit den Anwohner des Kernerviertels durch die Bauarbeiten zu erwarten seien.<\/p>\n<p>Angesichts der in den Gutachten sehr hohen prognostizierten L\u00e4rmwerte von bis zu 120 dB(A) f\u00fcr die jahrelangen Bauma\u00dfnahmen am Bahnhofstrog kann man hier nur noch von einer gezielten Desinformation der \u00d6ffentlichkeit sprechen. Selbstverst\u00e4ndlich \u00fcber- schreiten auch die auf Basis der oben beschreibenen Defizite ermittelten L\u00e4rmwerte die von der AVV-Baul\u00e4rm vorgegebenen L\u00e4rmgrenzen und werden auch die Anwohner des nahgelegenen Wohngebiets entlang des Ameisenberges beeintr\u00e4chtigen. Nicht von ungef\u00e4hr sind bereits in der Planfeststellung des PFA 1.2. zahlreiche Schutzma\u00dfnahmen bis hin zur vor\u00fcbergehenden Umsiedelung mitaufgenommen. Ausz\u00fcge aus der Planfest-stellung zum Thema L\u00e4rm\u00a0 finden Sie ab Seite 5 des Handouts f\u00fcr die Bezirksbeir\u00e4te.<\/p>\n<p><span style=\"text-decoration: underline;\">Update 20.M\u00e4rz:<\/span> Das Netzwerk Kernerviertel hat sich in einem <a href=\"http:\/\/netzwerke-21.de\/wordpress\/wp-content\/uploads\/140319-Schreiben-an-OB-L\u00e4rmplanung_uh_ud.doc\" target=\"_blank\">Brief an den OB<\/a> gewandt und um einen Gespr\u00e4chstermin gebeten.<\/p>\n","protected":false},"excerpt":{"rendered":"<p>Die Bahn hat letzte Woche in einer Pressekonferenz angek\u00fcndigt, dass sie im Fr\u00fchsommer mit den ersten Tiefbauarbeiten starten wird. Der L\u00e4rm dieser langj\u00e4hrigen Bauarbeiten rund um den Hauptbahnhof wird nicht nur die Anwohner im Kernerviertel, sondern auch die umliegenden Gesch\u00e4fte, &hellip; <a href=\"https:\/\/netzwerke-21.de\/?p=2318\">Weiterlesen <span class=\"meta-nav\">&rarr;<\/span><\/a><\/p>\n","protected":false},"author":6,"featured_media":0,"comment_status":"closed","ping_status":"closed","sticky":false,"template":"","format":"standard","meta":{"footnotes":""},"categories":[8,28,21,13,34,18,26],"tags":[],"class_list":["post-2318","post","type-post","status-publish","format-standard","hentry","category-bauarbeiten","category-bauinfo-kommunikationsbuero","category-kernerviertel","category-laerm","category-planfeststellung","category-schreiben-netzwerke","category-stadt-stuttgart"],"_links":{"self":[{"href":"https:\/\/netzwerke-21.de\/index.php?rest_route=\/wp\/v2\/posts\/2318","targetHints":{"allow":["GET"]}}],"collection":[{"href":"https:\/\/netzwerke-21.de\/index.php?rest_route=\/wp\/v2\/posts"}],"about":[{"href":"https:\/\/netzwerke-21.de\/index.php?rest_route=\/wp\/v2\/types\/post"}],"author":[{"embeddable":true,"href":"https:\/\/netzwerke-21.de\/index.php?rest_route=\/wp\/v2\/users\/6"}],"replies":[{"embeddable":true,"href":"https:\/\/netzwerke-21.de\/index.php?rest_route=%2Fwp%2Fv2%2Fcomments&post=2318"}],"version-history":[{"count":47,"href":"https:\/\/netzwerke-21.de\/index.php?rest_route=\/wp\/v2\/posts\/2318\/revisions"}],"predecessor-version":[{"id":2413,"href":"https:\/\/netzwerke-21.de\/index.php?rest_route=\/wp\/v2\/posts\/2318\/revisions\/2413"}],"wp:attachment":[{"href":"https:\/\/netzwerke-21.de\/index.php?rest_route=%2Fwp%2Fv2%2Fmedia&parent=2318"}],"wp:term":[{"taxonomy":"category","embeddable":true,"href":"https:\/\/netzwerke-21.de\/index.php?rest_route=%2Fwp%2Fv2%2Fcategories&post=2318"},{"taxonomy":"post_tag","embeddable":true,"href":"https:\/\/netzwerke-21.de\/index.php?rest_route=%2Fwp%2Fv2%2Ftags&post=2318"}],"curies":[{"name":"wp","href":"https:\/\/api.w.org\/{rel}","templated":true}]}}