{"id":2299,"date":"2014-03-17T18:04:27","date_gmt":"2014-03-17T16:04:27","guid":{"rendered":"http:\/\/netzwerke-21.de\/?p=2299"},"modified":"2014-03-24T20:39:00","modified_gmt":"2014-03-24T18:39:00","slug":"mauer-an-der-haussmannstrasse-kippt-sie-oder-kippt-sie-nicht","status":"publish","type":"post","link":"https:\/\/netzwerke-21.de\/?p=2299","title":{"rendered":"Mauer an der Hau\u00dfmannstra\u00dfe: Kippt sie oder kippt sie nicht"},"content":{"rendered":"<p>Frank Schweizer und Prof. Dr. Uwe Dreiss vom Netzwerk Kernerviertel berichten in einem <a href=\"http:\/\/www.fluegel.tv\/beitrag\/9027\" target=\"_blank\">aktuellen Video auf Fl\u00fcgelTV<\/a> \u00fcber das Bohrloch 203 und die schr\u00e4ge Mauer entlang der Hau\u00dfmannstra\u00dfe.<\/p>\n<p>Prof. Dr. Uwe Dreiss hatte 2009 von dem gegen\u00fcberliegenden B\u00fcro seiner Patentanwalts-kanzlei in der Gerokstra\u00dfe beobachtet, wie \u00fcber eine Woche lang Lkws mit Beton anfuhren, um das <a href=\"http:\/\/www.geologie21.de\/geologie-stuttgart\/bohrloch-203-stuttgart.html\" target=\"_blank\">Bohrloch 203<\/a> zu f\u00fcllen. Bei der Bohrung des geplanten Infiltrationsbrunnens an der Hau\u00dfmannstra\u00dfe waren damals <a href=\"http:\/\/www.siegfried-busch.de\/page28\/page28.html\" target=\"_blank\">\u00fcber 200.000 l Sp\u00fclwasser in den Untergrund ausgelaufen und teilweise unterhalb des Hangs an einer St\u00fctzmauer in H\u00f6he der Werastra\u00dfe 46 ausgetreten<\/a>. <a href=\"http:\/\/www.siegfried-busch.de\/page23\/page58\/files\/uta_top5_s21_missglu0308ckte_probebohrung.pdf\" target=\"_blank\">Danach fiel in die Entscheidung diesen Brunnen stillzulegen und das Bohrloch zu verf\u00fcllen<\/a>. Bis heute hat sich die Bahn\u00a0 nicht dazu ge\u00e4u\u00dfert, welche Folgen die Einpressung dieser Menge an Beton sowie der Wassereintritt in einen labilen\u00a0 Hang haben k\u00f6nnte, in dem zudem noch quellf\u00e4higer Anhyrit vorkommt.<\/p>\n<p>Auf der <a href=\"http:\/\/netzwerke-21.de\/?p=766\" target=\"_blank\">Informationsveranstaltung der Bahn f\u00fcr das Kernerviertel im November 2013<\/a> berichtete ein Anwohner, dass danach die auf der \u00fcber 100 Jahre alten Mauer aufliegende Au\u00dfentreppe zum Haus Werastra\u00dfe 46\u00a0 komplett entfernt werden musste. Unter der Treppe war das gesamte Erdreich total durchn\u00e4sst und nicht mehr tragf\u00e4hig. Die Treppe wurde darauf mit viel Beton neu errichtet. Da die Ursache der Durchnn\u00e4ssung jedoch nicht behoben werden konnte, ist die tragende Mauer der Treppe weiterhin sichtbar feucht, so dass mit weiteren Sch\u00e4den in der Zukunft gerechnet werden muss. Mit dem Sp\u00fclverlust und dem Austritt, so der Anwohner, sei eine neue Wasserwegsamkeit entlang des Hanges geschaffen worden.<\/p>\n<p>Der Garten von Frank Schweizer liegt nicht weit davon entfernt an der Hau\u00dfmannstra\u00dfe. Nach seiner Beobachtung neigt sich die 4 meterhohe St\u00fctzmauer bereits rund 6 cm pro Meter Richtung Tal. Er hat die Stadt Stuttgart beauftragt, die Ver\u00e4nderungen des Neigungswinkel zu untersuchen. Dies auch vor dem Hintergrund, dass die Bahn trotz Forderung des Netzwerks Kernerviertel die Messdaten \u00fcber die Hangstabilit\u00e4t des Ameisenberges nicht ver\u00f6ffentlichen will.<\/p>\n","protected":false},"excerpt":{"rendered":"<p>Frank Schweizer und Prof. Dr. Uwe Dreiss vom Netzwerk Kernerviertel berichten in einem aktuellen Video auf Fl\u00fcgelTV \u00fcber das Bohrloch 203 und die schr\u00e4ge Mauer entlang der Hau\u00dfmannstra\u00dfe. Prof. Dr. Uwe Dreiss hatte 2009 von dem gegen\u00fcberliegenden B\u00fcro seiner Patentanwalts-kanzlei &hellip; <a href=\"https:\/\/netzwerke-21.de\/?p=2299\">Weiterlesen <span class=\"meta-nav\">&rarr;<\/span><\/a><\/p>\n","protected":false},"author":6,"featured_media":0,"comment_status":"closed","ping_status":"closed","sticky":false,"template":"","format":"standard","meta":{"footnotes":""},"categories":[12,6,21],"tags":[],"class_list":["post-2299","post","type-post","status-publish","format-standard","hentry","category-gebaeuderisiken","category-grundwassermanagement","category-kernerviertel"],"_links":{"self":[{"href":"https:\/\/netzwerke-21.de\/index.php?rest_route=\/wp\/v2\/posts\/2299","targetHints":{"allow":["GET"]}}],"collection":[{"href":"https:\/\/netzwerke-21.de\/index.php?rest_route=\/wp\/v2\/posts"}],"about":[{"href":"https:\/\/netzwerke-21.de\/index.php?rest_route=\/wp\/v2\/types\/post"}],"author":[{"embeddable":true,"href":"https:\/\/netzwerke-21.de\/index.php?rest_route=\/wp\/v2\/users\/6"}],"replies":[{"embeddable":true,"href":"https:\/\/netzwerke-21.de\/index.php?rest_route=%2Fwp%2Fv2%2Fcomments&post=2299"}],"version-history":[{"count":18,"href":"https:\/\/netzwerke-21.de\/index.php?rest_route=\/wp\/v2\/posts\/2299\/revisions"}],"predecessor-version":[{"id":2429,"href":"https:\/\/netzwerke-21.de\/index.php?rest_route=\/wp\/v2\/posts\/2299\/revisions\/2429"}],"wp:attachment":[{"href":"https:\/\/netzwerke-21.de\/index.php?rest_route=%2Fwp%2Fv2%2Fmedia&parent=2299"}],"wp:term":[{"taxonomy":"category","embeddable":true,"href":"https:\/\/netzwerke-21.de\/index.php?rest_route=%2Fwp%2Fv2%2Fcategories&post=2299"},{"taxonomy":"post_tag","embeddable":true,"href":"https:\/\/netzwerke-21.de\/index.php?rest_route=%2Fwp%2Fv2%2Ftags&post=2299"}],"curies":[{"name":"wp","href":"https:\/\/api.w.org\/{rel}","templated":true}]}}