{"id":22974,"date":"2017-03-22T23:59:17","date_gmt":"2017-03-22T21:59:17","guid":{"rendered":"http:\/\/netzwerke-21.de\/?p=22974"},"modified":"2017-03-31T18:06:49","modified_gmt":"2017-03-31T16:06:49","slug":"berichterstattung-ueber-bahn-praesentationen-der-geplanten-bauarbeiten-rund-um-das-kernervierel-im-vorfeld-der-anwohnerverstaltung","status":"publish","type":"post","link":"https:\/\/netzwerke-21.de\/?p=22974","title":{"rendered":"Berichterstattung im Vorfeld der Anwohnerverstaltung \u00fcber geplante Bauarbeiten rund ums Kernerviertel"},"content":{"rendered":"<ul>\n<li><strong>StN: <\/strong><a title=\"StN: Stadtbahntrasse wird f\u00fcr mehrere Jahre gekappt\" href=\"http:\/\/www.stuttgarter-nachrichten.de\/inhalt.folge-von-stuttgart-21-stadtbahntrasse-wird-fuer-mehrere-jahre-gekappt.05c5812c-2678-44c4-8c92-f9006ba07011.html\" target=\"_blank\">Stadtbahntrasse wird f\u00fcr mehrere Jahre gekappt<\/a><\/li>\n<li><strong>StZ: <\/strong><a title=\"StZ: Neue Demut bei der Bahn\" href=\"http:\/\/www.stuttgarter-zeitung.de\/inhalt.stuttgart-21-neue-demut-bei-der-bahn.d6e3db65-3a2a-4aef-9b2f-e593e0396c09.html\" target=\"_blank\">Neue Demut bei der Bahn<\/a><\/li>\n<li><strong>StN: <\/strong><a title=\"StN: Bahn beginnt mit Bau der Kelchst\u00fctzen\" href=\"http:\/\/www.stuttgarter-nachrichten.de\/inhalt.stuttgart-21-bahn-beginnt-mit-bau-der-kelchstuetzen.638095a9-b7eb-48fc-b923-0efaa4e3114d.html\" target=\"_blank\">Bahn beginnt mit Bau der Kelchst\u00fctzen<\/a><\/li>\n<li><strong>StZ:<\/strong> <a title=\"StZ: Neue Wege f\u00fcr Mensch und Auto\" href=\"http:\/\/www.stuttgarter-zeitung.de\/inhalt.stuttgart-21-neue-wege-fuer-mensch-und-auto.b7c52f78-d197-41a0-b2c5-9bd5e881bb0e.html\" target=\"_blank\">Neue Wege f\u00fcr Mensch und Auto<\/a><\/li>\n<li><strong>Pressemitteilung der PSU:<\/strong> <a title=\"PSU: Bau der ersten Kelchst\u00fctzen beginnt\" href=\"http:\/\/www.bahnprojekt-stuttgart-ulm.de\/no_cache\/projekt\/aktuell\/newsdetail\/news\/1256-bau-der-ersten-kelchstuetzen-beginnt\/newsParameter\/detail\/News\/datum\/20170320\/\" target=\"_blank\">Bau der ersten Kelchst\u00fctzen beginnt<\/a><\/li>\n<li><strong>StZ:<\/strong> <a title=\"StZ: Viele Fragen aus dem Kernerviertel\" href=\"http:\/\/www.stuttgarter-zeitung.de\/inhalt.stuttgart-21-viele-fragen-aus-dem-kernerviertel.d7340b5d-fcb4-447e-9ebe-58a79809daee.html\" target=\"_blank\">Viele Fragen aus dem Kernerviertel<\/a><\/li>\n<li><strong>StZ:<\/strong> <a title=\"StZ: Baustellenverkehr erreicht den H\u00f6hepunkt\" href=\"http:\/\/www.stuttgarter-zeitung.de\/inhalt.stuttgart-21-baustellenverkehr-erreicht-den-hoehepunkt.0443828c-a5df-4728-a11a-57091a7e2da7.html\" target=\"_blank\">Baustellenverkehr erreicht den H\u00f6hepunkt<\/a>\u00a0 (S21-Baulogistikstra\u00dfe nur bis Dez. 2018)<\/li>\n<\/ul>\n","protected":false},"excerpt":{"rendered":"<p>StN: Stadtbahntrasse wird f\u00fcr mehrere Jahre gekappt StZ: Neue Demut bei der Bahn StN: Bahn beginnt mit Bau der Kelchst\u00fctzen StZ: Neue Wege f\u00fcr Mensch und Auto Pressemitteilung der PSU: Bau der ersten Kelchst\u00fctzen beginnt StZ: Viele Fragen aus dem &hellip; <a href=\"https:\/\/netzwerke-21.de\/?p=22974\">Weiterlesen <span class=\"meta-nav\">&rarr;<\/span><\/a><\/p>\n","protected":false},"author":6,"featured_media":0,"comment_status":"closed","ping_status":"closed","sticky":false,"template":"","format":"standard","meta":{"footnotes":""},"categories":[8,71,41,50,35,72,21,43,11,58,53],"tags":[],"class_list":["post-22974","post","type-post","status-publish","format-standard","hentry","category-bauarbeiten","category-baufortschritt","category-baulogistik","category-fusswege","category-gablenberg","category-hebungsinjektionen","category-kernerviertel","category-nordbahnhofviertel","category-ssb","category-tiefbahnhof","category-zeitplan"],"_links":{"self":[{"href":"https:\/\/netzwerke-21.de\/index.php?rest_route=\/wp\/v2\/posts\/22974","targetHints":{"allow":["GET"]}}],"collection":[{"href":"https:\/\/netzwerke-21.de\/index.php?rest_route=\/wp\/v2\/posts"}],"about":[{"href":"https:\/\/netzwerke-21.de\/index.php?rest_route=\/wp\/v2\/types\/post"}],"author":[{"embeddable":true,"href":"https:\/\/netzwerke-21.de\/index.php?rest_route=\/wp\/v2\/users\/6"}],"replies":[{"embeddable":true,"href":"https:\/\/netzwerke-21.de\/index.php?rest_route=%2Fwp%2Fv2%2Fcomments&post=22974"}],"version-history":[{"count":6,"href":"https:\/\/netzwerke-21.de\/index.php?rest_route=\/wp\/v2\/posts\/22974\/revisions"}],"predecessor-version":[{"id":23206,"href":"https:\/\/netzwerke-21.de\/index.php?rest_route=\/wp\/v2\/posts\/22974\/revisions\/23206"}],"wp:attachment":[{"href":"https:\/\/netzwerke-21.de\/index.php?rest_route=%2Fwp%2Fv2%2Fmedia&parent=22974"}],"wp:term":[{"taxonomy":"category","embeddable":true,"href":"https:\/\/netzwerke-21.de\/index.php?rest_route=%2Fwp%2Fv2%2Fcategories&post=22974"},{"taxonomy":"post_tag","embeddable":true,"href":"https:\/\/netzwerke-21.de\/index.php?rest_route=%2Fwp%2Fv2%2Ftags&post=22974"}],"curies":[{"name":"wp","href":"https:\/\/api.w.org\/{rel}","templated":true}]}}