{"id":22848,"date":"2017-03-13T20:37:21","date_gmt":"2017-03-13T18:37:21","guid":{"rendered":"http:\/\/netzwerke-21.de\/?p=22848"},"modified":"2017-03-13T20:37:50","modified_gmt":"2017-03-13T18:37:50","slug":"rede-von-gottfried-ohnmacht-neugebauer-auf-der-361-montagsdemo-zum-behoerdenkarusell","status":"publish","type":"post","link":"https:\/\/netzwerke-21.de\/?p=22848","title":{"rendered":"Rede von Gottfried Ohnmacht -Neugebauer auf der 361. Montagsdemo zum Stuttgarter Beh\u00f6rdenkarusell"},"content":{"rendered":"<p>Letzten Montag spach Gottfried Ohnmach-Neugebauer auf der 361. Montagsdemo \u00fcber <em>&#8222;Die Kunst des Wegschauens oder: Das Stuttgarter Beh\u00f6rdenkarussell<\/em>&#8222;, das sich bei der Frage nach der Genehmigung der Sonn- und Feiertagsarbeiten f\u00fcr das Gro\u00dfprojekt Stuttgart 21 dreht. Seinen Redetext finden Sie <a title=\"SWW: Red e von Gottfried Ohnmacht -Neugebauer auf der 361. Montagsdemo am 6.3.20 17\" href=\"http:\/\/www.schaeferweltweit.de\/file\/stuttgart21\/mode_archiv\/mode_0361_17-03-06_rede-von-gottfried-ohnmacht-neugebauer.pdf\" target=\"_blank\">hier<\/a>. Einen Auszug daraus:<\/p>\n<p><em>&#8222;Wer aber auf die Idee kommen sollte, zu fragen, warum die Stadt Stuttgart nicht t\u00e4tig wird, warum sie gegen die Ruhest\u00f6rungen der Bahn und der von ihr beauftragten Firmen keine Bu\u00dfgelder verh\u00e4ngt, der setzt im besten Fall das \u201eSchw\u00e4bische Beh\u00f6rdenkarussell\u201c in Bewegung:<\/em><\/p>\n<p><em>Die Stadt Stuttgart wird mit einem milden L\u00e4cheln best\u00e4tigen, dass ihr leider, leider die H\u00e4nde gebunden sind, und dass sie nichts, aber auch gar nichts tun kann, weil das Eisenbahnbundesamt (EBA) mit der Planfeststellung zugleich genehmigt habe, dass die Bahn auch an den Wochenenden arbeiten darf. Das EBA wiederum betont seit Jahren st\u00e4ndig, dass eine Planfeststellung das FTG nicht aufheben kann, sondern dass die \u00f6rtliche Polizeibeh\u00f6rde (also das Amt f\u00fcr \u00f6ffentliche Ordnung) und die zust\u00e4ndigen Landesbeh\u00f6rden sich um die Einhaltung des FTG k\u00fcmmern m\u00fcssen. [&#8230;]<br \/>\n<\/em><br \/>\n<em>Eine Strafanzeige, die bei der Stuttgarter Staatsanwaltschaft eingereicht wird, wird umgehend an die Stadt Stuttgart weitergeleitet. Die Stadt behauptet dann beispielsweise ungeniert, dass st\u00f6rende n\u00e4chtliche Sprengungen durch das Freiburger Bergamt auch f\u00fcr Sonn- und Feiertage genehmigt worden seien.<\/em> <em>Das Bergamt Freiburg wird jedoch nicht m\u00fcde zu betonen, dass es keinerlei Sondergenehmigungen erteilt hat, dass das FTG weiterhin gilt, und dass daf\u00fcr die Stadt Stuttgart und das Land zust\u00e4ndig sind. <\/em><\/p>\n<p><em>Dieses Spiel l\u00e4sst sich mit zahlreichen Variationen unendlich fortsetzen. Wir sehen also, welch eine sinnreiche Erfindung das \u201eSchw\u00e4bische Beh\u00f6rdenkarussell\u201c ist \u2013und zumindest in den letzten f\u00fcnf Jahren hat es ganz hervorragend funktioniert.&#8220;<\/em><\/p>\n","protected":false},"excerpt":{"rendered":"<p>Letzten Montag spach Gottfried Ohnmach-Neugebauer auf der 361. Montagsdemo \u00fcber &#8222;Die Kunst des Wegschauens oder: Das Stuttgarter Beh\u00f6rdenkarussell&#8222;, das sich bei der Frage nach der Genehmigung der Sonn- und Feiertagsarbeiten f\u00fcr das Gro\u00dfprojekt Stuttgart 21 dreht. Seinen Redetext finden Sie &hellip; <a href=\"https:\/\/netzwerke-21.de\/?p=22848\">Weiterlesen <span class=\"meta-nav\">&rarr;<\/span><\/a><\/p>\n","protected":false},"author":6,"featured_media":0,"comment_status":"closed","ping_status":"closed","sticky":false,"template":"","format":"standard","meta":{"footnotes":""},"categories":[48,8,41,44,31,45,49,35,21,20,39,13,43,25,34,26,22,30],"tags":[],"class_list":["post-22848","post","type-post","status-publish","format-standard","hentry","category-bad-cannstatt","category-bauarbeiten","category-baulogistik","category-degerloch","category-eisenbahn-bundesamt","category-fasanenhof","category-feuerbach","category-gablenberg","category-kernerviertel","category-killesberg","category-land-bw","category-laerm","category-nordbahnhofviertel","category-obertuerkheim","category-planfeststellung","category-stadt-stuttgart","category-untertuerkheim","category-wangen"],"_links":{"self":[{"href":"https:\/\/netzwerke-21.de\/index.php?rest_route=\/wp\/v2\/posts\/22848","targetHints":{"allow":["GET"]}}],"collection":[{"href":"https:\/\/netzwerke-21.de\/index.php?rest_route=\/wp\/v2\/posts"}],"about":[{"href":"https:\/\/netzwerke-21.de\/index.php?rest_route=\/wp\/v2\/types\/post"}],"author":[{"embeddable":true,"href":"https:\/\/netzwerke-21.de\/index.php?rest_route=\/wp\/v2\/users\/6"}],"replies":[{"embeddable":true,"href":"https:\/\/netzwerke-21.de\/index.php?rest_route=%2Fwp%2Fv2%2Fcomments&post=22848"}],"version-history":[{"count":2,"href":"https:\/\/netzwerke-21.de\/index.php?rest_route=\/wp\/v2\/posts\/22848\/revisions"}],"predecessor-version":[{"id":22850,"href":"https:\/\/netzwerke-21.de\/index.php?rest_route=\/wp\/v2\/posts\/22848\/revisions\/22850"}],"wp:attachment":[{"href":"https:\/\/netzwerke-21.de\/index.php?rest_route=%2Fwp%2Fv2%2Fmedia&parent=22848"}],"wp:term":[{"taxonomy":"category","embeddable":true,"href":"https:\/\/netzwerke-21.de\/index.php?rest_route=%2Fwp%2Fv2%2Fcategories&post=22848"},{"taxonomy":"post_tag","embeddable":true,"href":"https:\/\/netzwerke-21.de\/index.php?rest_route=%2Fwp%2Fv2%2Ftags&post=22848"}],"curies":[{"name":"wp","href":"https:\/\/api.w.org\/{rel}","templated":true}]}}