{"id":2271,"date":"2014-03-13T00:23:55","date_gmt":"2014-03-12T22:23:55","guid":{"rendered":"http:\/\/netzwerke-21.de\/?p=2271"},"modified":"2014-03-13T01:04:18","modified_gmt":"2014-03-12T23:04:18","slug":"die-landtags-cdu-und-die-freien-waehler-antworten-den-netzwerken","status":"publish","type":"post","link":"https:\/\/netzwerke-21.de\/?p=2271","title":{"rendered":"Die Landtags-CDU und die Freien W\u00e4hler antworten den Netzwerken"},"content":{"rendered":"<p>Nach dem <a href=\"http:\/\/netzwerke-21.de\/wordpress\/wp-content\/uploads\/Antwort-06.02.-Stami.pdf\" target=\"_blank\">Ministerpr\u00e4sidenten<\/a> und der <a href=\"http:\/\/netzwerke-21.de\/wordpress\/wp-content\/uploads\/Antwort-06.02.-FDP-1.pdf\" target=\"_blank\">Landes-FDP<\/a>, trafen jetzt auch Antwortbriefe der <a href=\"http:\/\/netzwerke-21.de\/wordpress\/wp-content\/uploads\/Antwort-06.02.-CDUL-5.pdf\" target=\"_blank\">Landtagsfraktion der CDU<\/a> und der <a href=\"http:\/\/netzwerke-21.de\/wordpress\/wp-content\/uploads\/Antwort-06.02.-CDUL-5.pdf\" target=\"_blank\">Fraktion der Freien W\u00e4hler<\/a> auf das <a href=\"http:\/\/netzwerke-21.de\/wordpress\/wp-content\/uploads\/140206-Stadt-Land-Offens_finu.pdf\" target=\"_blank\">Schreiben der Netzwerke<\/a> ein. Bemerkenswert ist, dass bislang weder der Oberb\u00fcrgermeister noch die SPD- und Gr\u00fcnen-Fraktion im Gemeinderat bzw. Landtag reagiert haben.<\/p>\n","protected":false},"excerpt":{"rendered":"<p>Nach dem Ministerpr\u00e4sidenten und der Landes-FDP, trafen jetzt auch Antwortbriefe der Landtagsfraktion der CDU und der Fraktion der Freien W\u00e4hler auf das Schreiben der Netzwerke ein. Bemerkenswert ist, dass bislang weder der Oberb\u00fcrgermeister noch die SPD- und Gr\u00fcnen-Fraktion im Gemeinderat &hellip; <a href=\"https:\/\/netzwerke-21.de\/?p=2271\">Weiterlesen <span class=\"meta-nav\">&rarr;<\/span><\/a><\/p>\n","protected":false},"author":6,"featured_media":0,"comment_status":"closed","ping_status":"closed","sticky":false,"template":"","format":"standard","meta":{"footnotes":""},"categories":[8,15,14,17,16,18,4],"tags":[],"class_list":["post-2271","post","type-post","status-publish","format-standard","hentry","category-bauarbeiten","category-enteignung","category-entschaedigung","category-gestattungsvertraege","category-haftung-im-schadensfall","category-schreiben-netzwerke","category-unterfahrung"],"_links":{"self":[{"href":"https:\/\/netzwerke-21.de\/index.php?rest_route=\/wp\/v2\/posts\/2271","targetHints":{"allow":["GET"]}}],"collection":[{"href":"https:\/\/netzwerke-21.de\/index.php?rest_route=\/wp\/v2\/posts"}],"about":[{"href":"https:\/\/netzwerke-21.de\/index.php?rest_route=\/wp\/v2\/types\/post"}],"author":[{"embeddable":true,"href":"https:\/\/netzwerke-21.de\/index.php?rest_route=\/wp\/v2\/users\/6"}],"replies":[{"embeddable":true,"href":"https:\/\/netzwerke-21.de\/index.php?rest_route=%2Fwp%2Fv2%2Fcomments&post=2271"}],"version-history":[{"count":3,"href":"https:\/\/netzwerke-21.de\/index.php?rest_route=\/wp\/v2\/posts\/2271\/revisions"}],"predecessor-version":[{"id":2288,"href":"https:\/\/netzwerke-21.de\/index.php?rest_route=\/wp\/v2\/posts\/2271\/revisions\/2288"}],"wp:attachment":[{"href":"https:\/\/netzwerke-21.de\/index.php?rest_route=%2Fwp%2Fv2%2Fmedia&parent=2271"}],"wp:term":[{"taxonomy":"category","embeddable":true,"href":"https:\/\/netzwerke-21.de\/index.php?rest_route=%2Fwp%2Fv2%2Fcategories&post=2271"},{"taxonomy":"post_tag","embeddable":true,"href":"https:\/\/netzwerke-21.de\/index.php?rest_route=%2Fwp%2Fv2%2Ftags&post=2271"}],"curies":[{"name":"wp","href":"https:\/\/api.w.org\/{rel}","templated":true}]}}