{"id":22334,"date":"2017-02-13T21:14:37","date_gmt":"2017-02-13T19:14:37","guid":{"rendered":"http:\/\/netzwerke-21.de\/?p=22334"},"modified":"2017-02-14T12:30:06","modified_gmt":"2017-02-14T10:30:06","slug":"stz-tunnelbau-unterm-rosensteinpark-beginnt","status":"publish","type":"post","link":"https:\/\/netzwerke-21.de\/?p=22334","title":{"rendered":"StZ: Tunnelbau unterm Rosensteinpark beginnt"},"content":{"rendered":"<p>Die Stuttgarter Zeitung berichtet heute (<a title=\"StZ: Tunnelbau unterm Rosensteinpark beginnt\" href=\"http:\/\/www.stuttgarter-zeitung.de\/inhalt.stuttgart-21-s-21-bau-unter-rosensteinpark-beginnt.6bc42cbf-d69b-4594-a975-cbf86834759e.html\" target=\"_blank\">hier<\/a>), dass die Pl\u00e4ne der Bahn zum Schutz von zwei B\u00e4umen am Rande des Rosensteinparks genehmigt seien. Die bergm\u00e4nnischen Bauarbeiten f\u00fcr den neuen S-Bahn-Tunnel und der Abschnitt des Cannstatter Tunnels k\u00f6nnen damit starten. Weiterhin noch nicht freigegeben ist die Rodung der B\u00e4ume im Naturschutzgebiet Rosensteinpark. Hier muss die EU beteiligt werden.<\/p>\n<p>Die StZ schreibt: <em>&#8222;In einem ersten Schritt wird nun mit dem Bau des S-Bahn-Tunnels begonnen. Von dessen Oberkante bis zur Gel\u00e4ndeoberfl\u00e4che sind zw\u00f6lf Meter Platz. In diesen Zwischenraum graben sich in einem zweiten Schritt dann die Mineure vor, die Fernbahntunnel zwischen Innenstadt und Bad Cannstatt bauen. Die beiden zweigleisigen Tunnelabschnitte sind je rund 570 Meter lang und sollen am Hang unterhalb von Schloss Rosenstein wieder ans Tageslicht kommen. Allerdings stehen auch dort B\u00e4ume im Baufeld, die Lebensraum gesch\u00fctzter Arten sind.<\/em>&#8220;<\/p>\n<p>In der Pressemitteilung der DB Projekt Stuttgart-Ulm GmbH (<a href=\"http:\/\/www.bahnprojekt-stuttgart-ulm.de\/no_cache\/projekt\/aktuell\/newsdetail\/news\/baubeginn-an-der-ehmannstrasse\/newsParameter\/detail\/News\/datum\/20170213\/\">hier<\/a>) hei\u00dft es: <strong>&#8222;<\/strong><em>Die DB Projekt Stuttgart\u2013Ulm GmbH hat im Bereich der Ehmannstra\u00dfe mit den bergm\u00e4nnischen Arbeiten f\u00fcr das Kreuzungsbauwerk der Fernbahn-Zuf\u00fchrung und der S-Bahn-Zuf\u00fchrung Bad Cannstatt begonnen. Voraussetzung daf\u00fcr war die Genehmigung der 22. Plan\u00e4nderung des Eisenbahn-Bundesamts, die jetzt vorliegt.&#8220;<\/em><\/p>\n<p>Die Plan\u00e4nderung hat auch Auswirkungen auf die Baulogistik. So hei\u00dft es in der Pressemitteilung: &#8222;<em>Zus\u00e4tzlich zur Plan\u00e4nderung wurde in dem Bereich das Logistikkonzept umgestellt, sodass der innerst\u00e4dtische Stra\u00dfenverkehr um etwa 6.500 Lkw-Fuhren entlastet werden kann. Der Erdausbruch f\u00fcr den Fernbahntunnel in Richtung Bad Cannstatt wird vom Zwischenangriff Rosenstein \u00fcber die bereits betonierte Fahrbahn der Tunnelr\u00f6hre zum Zwischenangriff Nord abgefahren und dort der Zentralen Baulogistik angedient. Die Tunnelsohle beim Zwischenangriff Rosenstein liegt etwa 18 Meter unter der Erdoberfl\u00e4che.&#8220;<\/em><\/p>\n<p>Diese Entlastung bei der Baulogistik wurde bereits in der <a title=\"Offene Fragen auf der Informationsveranstaltung f\u00fcr den Norden. Kein Zeitplan, keine Zahlen zu L\u00e4rmpegel und Lkw-Verkeh\" href=\"http:\/\/netzwerke-21.de\/?p=12879\" target=\"_blank\">Anwohnerveranstaltung am 15.11.2016 f\u00fcr den Stuttgarter Norden<\/a> angek\u00fcndigt. Damals schrieben wir: <em>&#8222;2\/3 des Abraums aus dem Tunnelvortrieb an der Ehmannstra\u00dfe soll unterirdisch \u00fcber den Zwischenangriff Nord abtransportiert werden. Dies ist f\u00fcr die Anwohner sicherlich eine Erleichterung. Allerdings blieb unklar, \u00fcber welche Transportwege die Baumaterialanlieferung erfolgen soll.&#8220;<br \/>\n<\/em><\/p>\n<p>Zur Verdeutlichung der Lage des ZA Rosensteins und ZA Abstellbahnhof wurde damals auf der Veranstaltung von der PSU folgender Lageplan pr\u00e4sentiert:<\/p>\n<p><img loading=\"lazy\" decoding=\"async\" class=\"attachment-900x900 \" src=\"http:\/\/netzwerke-21.de\/wordpress\/wp-content\/uploads\/201511-Auszug-Lageplan-PFA-1.5..jpg\" sizes=\"auto, (max-width: 835px) 100vw, 835px\" srcset=\"http:\/\/netzwerke-21.de\/wordpress\/wp-content\/uploads\/201511-Auszug-Lageplan-PFA-1.5..jpg 835w, http:\/\/netzwerke-21.de\/wordpress\/wp-content\/uploads\/201511-Auszug-Lageplan-PFA-1.5.-300x211.jpg 300w, http:\/\/netzwerke-21.de\/wordpress\/wp-content\/uploads\/201511-Auszug-Lageplan-PFA-1.5.-768x540.jpg 768w\" alt=\"\" width=\"604\" height=\"425\" \/><\/p>\n","protected":false},"excerpt":{"rendered":"<p>Die Stuttgarter Zeitung berichtet heute (hier), dass die Pl\u00e4ne der Bahn zum Schutz von zwei B\u00e4umen am Rande des Rosensteinparks genehmigt seien. Die bergm\u00e4nnischen Bauarbeiten f\u00fcr den neuen S-Bahn-Tunnel und der Abschnitt des Cannstatter Tunnels k\u00f6nnen damit starten. Weiterhin noch &hellip; <a href=\"https:\/\/netzwerke-21.de\/?p=22334\">Weiterlesen <span class=\"meta-nav\">&rarr;<\/span><\/a><\/p>\n","protected":false},"author":6,"featured_media":0,"comment_status":"closed","ping_status":"closed","sticky":false,"template":"","format":"standard","meta":{"footnotes":""},"categories":[48,8,31,20,34,80,53],"tags":[],"class_list":["post-22334","post","type-post","status-publish","format-standard","hentry","category-bad-cannstatt","category-bauarbeiten","category-eisenbahn-bundesamt","category-killesberg","category-planfeststellung","category-s-bahn","category-zeitplan"],"_links":{"self":[{"href":"https:\/\/netzwerke-21.de\/index.php?rest_route=\/wp\/v2\/posts\/22334","targetHints":{"allow":["GET"]}}],"collection":[{"href":"https:\/\/netzwerke-21.de\/index.php?rest_route=\/wp\/v2\/posts"}],"about":[{"href":"https:\/\/netzwerke-21.de\/index.php?rest_route=\/wp\/v2\/types\/post"}],"author":[{"embeddable":true,"href":"https:\/\/netzwerke-21.de\/index.php?rest_route=\/wp\/v2\/users\/6"}],"replies":[{"embeddable":true,"href":"https:\/\/netzwerke-21.de\/index.php?rest_route=%2Fwp%2Fv2%2Fcomments&post=22334"}],"version-history":[{"count":5,"href":"https:\/\/netzwerke-21.de\/index.php?rest_route=\/wp\/v2\/posts\/22334\/revisions"}],"predecessor-version":[{"id":22351,"href":"https:\/\/netzwerke-21.de\/index.php?rest_route=\/wp\/v2\/posts\/22334\/revisions\/22351"}],"wp:attachment":[{"href":"https:\/\/netzwerke-21.de\/index.php?rest_route=%2Fwp%2Fv2%2Fmedia&parent=22334"}],"wp:term":[{"taxonomy":"category","embeddable":true,"href":"https:\/\/netzwerke-21.de\/index.php?rest_route=%2Fwp%2Fv2%2Fcategories&post=22334"},{"taxonomy":"post_tag","embeddable":true,"href":"https:\/\/netzwerke-21.de\/index.php?rest_route=%2Fwp%2Fv2%2Ftags&post=22334"}],"curies":[{"name":"wp","href":"https:\/\/api.w.org\/{rel}","templated":true}]}}