{"id":2216,"date":"2014-02-24T23:28:32","date_gmt":"2014-02-24T21:28:32","guid":{"rendered":"http:\/\/netzwerke-21.de\/?p=2216"},"modified":"2015-06-16T23:43:42","modified_gmt":"2015-06-16T21:43:42","slug":"start-der-kampagne-fuer-unsere-stadtbahn","status":"publish","type":"post","link":"https:\/\/netzwerke-21.de\/?p=2216","title":{"rendered":"Start der Kampagne \u201eF\u00fcr unsere Stadtbahn!\u201c"},"content":{"rendered":"<p>Wir hatten mehrfach \u00fcber die Folgen der 14.Plan\u00e4nderung der Bahn (offene Bauweise verk\u00fcrzter Nesenbachd\u00fcker) auf den Betrieb der Stadtbahnlinien ab der Haltstelle Staastgalerie berichtet (<a title=\"Planfeststellung und Wirklichkeit: Stadtbahnchaos durch Stuttgart 21\" href=\"http:\/\/netzwerke-21.de\/?p=1153\" target=\"_blank\">03.12.13<\/a> \/<a title=\"Anfrage der GR\u00dcNEN: Stadtbahnlinien-Unterbrechungen durch Fehlplanungen der Bahn- Zahlen die SSB-Kunden die Zeche f\u00fcr den Planungs-Schwergang der Bahn?\" href=\"http:\/\/netzwerke-21.de\/?p=1243\" target=\"_blank\">08.12.13<\/a> \/<a title=\"Verlegung der SSB-Haltestelle Staatsgalerie \u2013 Bericht von der Sitzung des Bezirksbeirats Mitte\" href=\"http:\/\/netzwerke-21.de\/?p=1659\" target=\"_blank\">14.01.2014<\/a> \/ <a title=\"SSB-Umbau: Aktionsb\u00fcndnis fordert \u00f6ffentliches Verfahren zur Umplanung Nesenbachd\u00fcker + Laufdemo am 25.1.2014\" href=\"http:\/\/netzwerke-21.de\/?p=1855\" target=\"_blank\">21.01.14<\/a> \/ <a title=\"StN: Neuplanungen der Bahn zum Nesenbachd\u00fcker sind mangelhaft und verursachen ein Verkehrschaos\" href=\"http:\/\/netzwerke-21.de\/?p=1927\" target=\"_blank\">30.1.14<\/a>).<\/p>\n<p>Heute startete eine gemeinsame Kampagne von sieben Gruppen aus der Protestbewegung unter dem Titel \u201eF\u00fcr unsere Stadtbahn!\u201c Mit dieser Kampagne wenden sie sich gegen das drohende Stadtbahn-Chaos mit Streckensperrungen, Umleitungen, Gedr\u00e4nge und Versp\u00e4tungen (<a href=\"http:\/\/www.parkschuetzer.de\/assets\/statements\/168958\/original\/Flyer_InfoOffensive.pdf?1393246392\" target=\"_blank\">Flyer<\/a>).<\/p>\n<p>Weiterf\u00fchrende Infos\u00a0 finden Sie auf der Webseite:\u00a0 <a href=\"http:\/\/infooffensive.de\/stadtbahn\" target=\"_blank\">infooffensive.de\/stadtbahn<\/a><\/p>\n","protected":false},"excerpt":{"rendered":"<p>Wir hatten mehrfach \u00fcber die Folgen der 14.Plan\u00e4nderung der Bahn (offene Bauweise verk\u00fcrzter Nesenbachd\u00fcker) auf den Betrieb der Stadtbahnlinien ab der Haltstelle Staastgalerie berichtet (03.12.13 \/08.12.13 \/14.01.2014 \/ 21.01.14 \/ 30.1.14). Heute startete eine gemeinsame Kampagne von sieben Gruppen aus &hellip; <a href=\"https:\/\/netzwerke-21.de\/?p=2216\">Weiterlesen <span class=\"meta-nav\">&rarr;<\/span><\/a><\/p>\n","protected":false},"author":6,"featured_media":0,"comment_status":"closed","ping_status":"closed","sticky":false,"template":"","format":"standard","meta":{"footnotes":""},"categories":[8,21,60,34,11],"tags":[],"class_list":["post-2216","post","type-post","status-publish","format-standard","hentry","category-bauarbeiten","category-kernerviertel","category-nesenbachdueker","category-planfeststellung","category-ssb"],"_links":{"self":[{"href":"https:\/\/netzwerke-21.de\/index.php?rest_route=\/wp\/v2\/posts\/2216","targetHints":{"allow":["GET"]}}],"collection":[{"href":"https:\/\/netzwerke-21.de\/index.php?rest_route=\/wp\/v2\/posts"}],"about":[{"href":"https:\/\/netzwerke-21.de\/index.php?rest_route=\/wp\/v2\/types\/post"}],"author":[{"embeddable":true,"href":"https:\/\/netzwerke-21.de\/index.php?rest_route=\/wp\/v2\/users\/6"}],"replies":[{"embeddable":true,"href":"https:\/\/netzwerke-21.de\/index.php?rest_route=%2Fwp%2Fv2%2Fcomments&post=2216"}],"version-history":[{"count":6,"href":"https:\/\/netzwerke-21.de\/index.php?rest_route=\/wp\/v2\/posts\/2216\/revisions"}],"predecessor-version":[{"id":2226,"href":"https:\/\/netzwerke-21.de\/index.php?rest_route=\/wp\/v2\/posts\/2216\/revisions\/2226"}],"wp:attachment":[{"href":"https:\/\/netzwerke-21.de\/index.php?rest_route=%2Fwp%2Fv2%2Fmedia&parent=2216"}],"wp:term":[{"taxonomy":"category","embeddable":true,"href":"https:\/\/netzwerke-21.de\/index.php?rest_route=%2Fwp%2Fv2%2Fcategories&post=2216"},{"taxonomy":"post_tag","embeddable":true,"href":"https:\/\/netzwerke-21.de\/index.php?rest_route=%2Fwp%2Fv2%2Ftags&post=2216"}],"curies":[{"name":"wp","href":"https:\/\/api.w.org\/{rel}","templated":true}]}}