{"id":22044,"date":"2017-01-31T00:56:29","date_gmt":"2017-01-30T22:56:29","guid":{"rendered":"http:\/\/netzwerke-21.de\/?p=22044"},"modified":"2017-01-31T20:58:39","modified_gmt":"2017-01-31T18:58:39","slug":"bahnchef-ruediger-grube-im-januar-2010-der-kostendeckel-von-45-milliarden-wird-eingehalten","status":"publish","type":"post","link":"https:\/\/netzwerke-21.de\/?p=22044","title":{"rendered":"Bahnchef R\u00fcdiger Grube im Januar 2010 vor dem Baustart \u00fcber die Kosten von Stuttgart 21"},"content":{"rendered":"<p>Bahnchef R\u00fcdiger Grube ist zur\u00fcckgetreten und am 2.Februar vor sieben Jahren begannen mit der Prellbockversetzung offiziell die Bauarbeiten von Stuttgart 21. Wir m\u00f6chten dies zum Anlass nehmen, doch noch einen Blick zur\u00fcck zu werfen, mit welchen Aussagen und Versprechungen der Bahnchef damals zu den Kosten des Gro\u00dfprojektes Stuttgart 21 gestartet ist. Auch wenn der Vertrag \u00fcber Stuttgart 21 2009 vier Wochen vor seinem Amtsantritt abgeschlossen wurde.<\/p>\n<p>Der VCD hatte im Vorfeld der Aufsichtsratssitzung\u00a0 der DB AG Anfang Dezember 2016 einen offenen Brief (<a href=\"https:\/\/bw.vcd.org\/fileadmin\/user_upload\/BW\/Themen\/20161205_VCD_offenerBrief_Dr._Grube_DB_AG_Stuttgart21_final.pdf\" target=\"_blank\">hier<\/a>) an Bahnchef R\u00fcdiger Grube geschrieben und ihn an seine Verantwortung f\u00fcr Stuttgart 21 als ein eigenwirtschaftliches Projekt der Bahn erinnert.<\/p>\n<p>Der VCD schreibt u.a.: &#8222;<em>Es war Ihre eigene Entscheidung \u2013 auch wenn Sie m\u00f6glicherweise auf politischem Druck basierte \u2013 das Projekt in Kenntnis dies es Sachverhaltes zu beginnen und die Risiken f\u00fcr die DB AG zu tragen, indem Sie die Kosten bewusst kleingerechnet haben. Doch es ist gerade Aufgabe eines DB-Vorstands, den politischen, nicht finanzierten Forderungen zu widerstehen.\u00a0 Da Sie selbst die Wirtschaftlichkeitsgrenze f\u00fcr die DB AG bei 4,8 Milliarden Euro gezogen hatten, war es \u2013 angesichts der bekannten Kostenentwicklungen bei anderen Gro\u00dfprojekten der DB AG \u2013 grob fahrl\u00e4ssig, bei diesem Projekt, dem Sie nach eigenen Angaben kritisch gegen\u00fcber standen , ohne einen gr\u00f6\u00dferen Sicherheitspuffer den Bau zu beschlie\u00dfen.<br \/>\n<\/em><\/p>\n<p><em>[&#8230;] Auch in den folgenden Jahren, bei Stresstest, Schlichtung und Volksabstimmung, haben Sie jeweils die Projekt-Probleme kleingeredet und die Kosten verharmlost. Damit haben Sie sich die Zustimmung der M<\/em><em>ehrheit der Einwohner Baden-W\u00fcrttembergs \u201eerschlichen\u201c, denn \u201epl\u00f6tzlich\u201c, ein Jahr nach der Volksabstimmung, waren die Kosten um 2 Milliarden Euro explodiert. Der Aufsichts<\/em><em>rat genehmigte Ihnen \u2013 in Kenntnis der fehlenden Bereitschaft der Projektpartner, sich an den Mehrkosten zu beteiligen \u2013 trotzdem diese Mehrkosten. Dass aufgrund dieser Vorgeschichte ein Gericht Ihrer Klage auf Beteiligung der Projektpartner an den Kosten stattgeben wird, erscheint sehr ungewiss&#8230;&#8220;<\/em>.<\/p>\n<p>Sehr deutlich werden die Versprechungen des Bahnchefs zur Einhaltung des Kostenrahmens auf einer Veranstaltung in Stuttgart vor fast genau sieben Jahren. Nur vier Tage vor der dem offiziellen Baustart von Stuttgart 21 mit der Prellbockanhebung, bei der er gegen\u00fcber einem Frontal21-Reporter (<a href=\"https:\/\/www.youtube.com\/watch?v=G_E1zEoTpmo\" target=\"_blank\">hier)<\/a> den Bericht und die Kostensch\u00e4tzung des Bundesrechnungshofs nicht kennen wollte.<\/p>\n<p>In dieser aufgezeichneten Veranstaltung hatte Bahnchef R\u00fcdiger Grube ausf\u00fchrlich \u00fcber seine Verantwortung bei der Neukalkulation des Projektes nach seinem Amtsantritt, die erfolgreiche Suche nach Einsparpotentialen (&#8222;Wir bauen keine Bunker&#8220;), das Ziehen der Sprechklausel gegen\u00fcber den Projektpartnern, dem ausreichenden Puffer und die Einhaltung des Kostenrahmens bei Stuttgart 21 gesprochen. Auch auf die damaligen Kostensch\u00e4tzungen des Bundesrechnungshofs \u00fcber 5,3 Milliarden und des Gutachterb\u00fcros Vieregg-R\u00f6ssler mit 6,8 Milliarden Euro wurde er auf der Veranstaltung vom StN-Journalisten und heutigten Pressesprecher der Projektgesellschaft angesprochen. Wir m\u00f6chten daher auf zwei der elf Youtube-Videos von Josh von Staudach verlinken, in denen es haupts\u00e4chlich um die Kosten von Stuttgart 21 ging. (Leider gibt es keine Aufnahme ohne die eingeblendeten Kommentare des Filmemachers) :<\/p>\n<p><em>\u00a0Kosten ab Minute 2:28:<br \/>\n<\/em><\/p>\n<div class=\"video-wrapped video-wrapped-video video-wrapped-yt\" style=\"width: 640px; min-height: 480px; background-image: url('https:\/\/netzwerke-21.de\/wordpress\/wp-content\/plugins\/wp-video-embed-privacy\/preview\/yt\/gNwbkRFzQWQ.jpg?s=3c083b55090f026d3fe8b9f378d18fceba6bb16a99e421b17801879847d9674c')\" data-embed-frame=\"&lt;iframe title=&quot;Bahnchef Grube in Stuttgart Teil 08&quot; width=&quot;640&quot; height=&quot;480&quot; src=&quot;https:\/\/www.youtube-nocookie.com\/embed\/gNwbkRFzQWQ?feature=oembed&quot; frameborder=&quot;0&quot; allow=&quot;accelerometer; autoplay; clipboard-write; encrypted-media; gyroscope; picture-in-picture; web-share&quot; referrerpolicy=&quot;strict-origin-when-cross-origin&quot; allowfullscreen&gt;&lt;\/iframe&gt;\" data-embed-play=\"&lt;span&gt;Video abspielen&lt;\/span&gt;&lt;div class=&quot;small&quot;&gt;&lt;span&gt;Das Video wird von Youtube eingebettet. Es gelten die &lt;a href=&quot;https:\/\/www.google.com\/intl\/de\/policies\/privacy\/&quot; target=&quot;_blank&quot;&gt;Datenschutzerkl\u00e4rungen von Google&lt;\/a&gt;.&lt;\/span&gt;&lt;\/div&gt;\">\n<div class=\"video-wrapped-nojs\"><span>Aktivieren Sie JavaScript um das Video zu sehen.<br \/>Video-Link: <a href=\"https:\/\/youtu.be\/gNwbkRFzQWQ\">https:\/\/youtu.be\/gNwbkRFzQWQ<\/a><\/span><\/div>\n<\/div>\n<p><em>Kosten bis Minute 3:00:<\/em><\/p>\n<div class=\"video-wrapped video-wrapped-video video-wrapped-yt\" style=\"width: 640px; min-height: 480px; background-image: url('https:\/\/netzwerke-21.de\/wordpress\/wp-content\/plugins\/wp-video-embed-privacy\/preview\/yt\/lVIZcJa-Mnc.jpg?s=6de8d5a7b401653237bfefe65d9f4ee8a92e01cfecb0032a0f826605c21905d7')\" data-embed-frame=\"&lt;iframe title=&quot;Bahnchef Grube in Stuttgart Teil 09&quot; width=&quot;640&quot; height=&quot;480&quot; src=&quot;https:\/\/www.youtube-nocookie.com\/embed\/lVIZcJa-Mnc?feature=oembed&quot; frameborder=&quot;0&quot; allow=&quot;accelerometer; autoplay; clipboard-write; encrypted-media; gyroscope; picture-in-picture; web-share&quot; referrerpolicy=&quot;strict-origin-when-cross-origin&quot; allowfullscreen&gt;&lt;\/iframe&gt;\" data-embed-play=\"&lt;span&gt;Video abspielen&lt;\/span&gt;&lt;div class=&quot;small&quot;&gt;&lt;span&gt;Das Video wird von Youtube eingebettet. Es gelten die &lt;a href=&quot;https:\/\/www.google.com\/intl\/de\/policies\/privacy\/&quot; target=&quot;_blank&quot;&gt;Datenschutzerkl\u00e4rungen von Google&lt;\/a&gt;.&lt;\/span&gt;&lt;\/div&gt;\">\n<div class=\"video-wrapped-nojs\"><span>Aktivieren Sie JavaScript um das Video zu sehen.<br \/>Video-Link: <a href=\"https:\/\/youtu.be\/lVIZcJa-Mnc\">https:\/\/youtu.be\/lVIZcJa-Mnc<\/a><\/span><\/div>\n<\/div>\n","protected":false},"excerpt":{"rendered":"<p>Bahnchef R\u00fcdiger Grube ist zur\u00fcckgetreten und am 2.Februar vor sieben Jahren begannen mit der Prellbockversetzung offiziell die Bauarbeiten von Stuttgart 21. Wir m\u00f6chten dies zum Anlass nehmen, doch noch einen Blick zur\u00fcck zu werfen, mit welchen Aussagen und Versprechungen der &hellip; <a href=\"https:\/\/netzwerke-21.de\/?p=22044\">Weiterlesen <span class=\"meta-nav\">&rarr;<\/span><\/a><\/p>\n","protected":false},"author":6,"featured_media":0,"comment_status":"closed","ping_status":"closed","sticky":false,"template":"","format":"standard","meta":{"footnotes":""},"categories":[1,59],"tags":[],"class_list":["post-22044","post","type-post","status-publish","format-standard","hentry","category-allgemein","category-kosten"],"_links":{"self":[{"href":"https:\/\/netzwerke-21.de\/index.php?rest_route=\/wp\/v2\/posts\/22044","targetHints":{"allow":["GET"]}}],"collection":[{"href":"https:\/\/netzwerke-21.de\/index.php?rest_route=\/wp\/v2\/posts"}],"about":[{"href":"https:\/\/netzwerke-21.de\/index.php?rest_route=\/wp\/v2\/types\/post"}],"author":[{"embeddable":true,"href":"https:\/\/netzwerke-21.de\/index.php?rest_route=\/wp\/v2\/users\/6"}],"replies":[{"embeddable":true,"href":"https:\/\/netzwerke-21.de\/index.php?rest_route=%2Fwp%2Fv2%2Fcomments&post=22044"}],"version-history":[{"count":37,"href":"https:\/\/netzwerke-21.de\/index.php?rest_route=\/wp\/v2\/posts\/22044\/revisions"}],"predecessor-version":[{"id":22086,"href":"https:\/\/netzwerke-21.de\/index.php?rest_route=\/wp\/v2\/posts\/22044\/revisions\/22086"}],"wp:attachment":[{"href":"https:\/\/netzwerke-21.de\/index.php?rest_route=%2Fwp%2Fv2%2Fmedia&parent=22044"}],"wp:term":[{"taxonomy":"category","embeddable":true,"href":"https:\/\/netzwerke-21.de\/index.php?rest_route=%2Fwp%2Fv2%2Fcategories&post=22044"},{"taxonomy":"post_tag","embeddable":true,"href":"https:\/\/netzwerke-21.de\/index.php?rest_route=%2Fwp%2Fv2%2Ftags&post=22044"}],"curies":[{"name":"wp","href":"https:\/\/api.w.org\/{rel}","templated":true}]}}