{"id":22009,"date":"2017-01-29T22:17:05","date_gmt":"2017-01-29T20:17:05","guid":{"rendered":"http:\/\/netzwerke-21.de\/?p=22009"},"modified":"2017-02-01T01:04:02","modified_gmt":"2017-01-31T23:04:02","slug":"s-21-ausbau-bahnhof-in-stuttgart-vaihingen-bahnhalt-wird-aufgewertet","status":"publish","type":"post","link":"https:\/\/netzwerke-21.de\/?p=22009","title":{"rendered":"StZN: Ausbau Bahnhof in Stuttgart-Vaihingen Bahnhalt wird aufgewertet"},"content":{"rendered":"<p><a title=\"STZN:  S 21: Ausbau Bahnhof in Stuttgart-Vaihingen Bahnhalt wird aufgewertet\" href=\"http:\/\/www.stuttgarter-zeitung.de\/inhalt.s-21-ausbau-bahnhof-in-stuttgart-vaihingen-bahnhalt-wird-aufgewertet.9ab41b05-4643-4ce8-a0cf-2360711d3a72.html\" target=\"_blank\"><strong>StZN: <\/strong>Ausbau Bahnhof in Stuttgart-Vaihingen Bahnhalt wird aufgewertet&#8220;: <\/a><em>Bahn, Land und Stadt stellen ihre Pl\u00e4ne f\u00fcr den Ausbau des bisherigen Haltepunkts f\u00fcr die S-Bahn in Stuttgart vor. K\u00fcnftig sollen hier auch Fern- und Regionalz\u00fcge der G\u00e4ubahn halten.&#8220;<\/em><\/p>\n<p><strong>StZN:<\/strong> <a href=\"http:\/\/www.stuttgarter-zeitung.de\/inhalt.regionalbahnhalt-in-stuttgart-vaihingen-2020-sollen-regionalzuege-in-vaihingen-halten.5718db4d-aeea-42c3-86ec-2c64994c99ac.html\" target=\"_blank\">2020 sollen Regionalz\u00fcge in Vaihingen halten<\/a>: &#8222;<em>Die Deutsche Bahn, das Verkehrsministerium und die Stadt haben die B\u00fcrger \u00fcber die Pl\u00e4ne zum Ausbau des Bahnhofs Stuttgart-Vaihingen informiert. Die Bauarbeiten f\u00fcr den Regionalbahnhalt sollen 2019 beginnen.&#8220;<\/em><\/p>\n","protected":false},"excerpt":{"rendered":"<p>StZN: Ausbau Bahnhof in Stuttgart-Vaihingen Bahnhalt wird aufgewertet&#8220;: Bahn, Land und Stadt stellen ihre Pl\u00e4ne f\u00fcr den Ausbau des bisherigen Haltepunkts f\u00fcr die S-Bahn in Stuttgart vor. K\u00fcnftig sollen hier auch Fern- und Regionalz\u00fcge der G\u00e4ubahn halten.&#8220; StZN: 2020 sollen &hellip; <a href=\"https:\/\/netzwerke-21.de\/?p=22009\">Weiterlesen <span class=\"meta-nav\">&rarr;<\/span><\/a><\/p>\n","protected":false},"author":6,"featured_media":0,"comment_status":"closed","ping_status":"closed","sticky":false,"template":"","format":"standard","meta":{"footnotes":""},"categories":[1,46,39,63,26,53],"tags":[],"class_list":["post-22009","post","type-post","status-publish","format-standard","hentry","category-allgemein","category-filderbereich","category-land-bw","category-leistungsfaehigkeit","category-stadt-stuttgart","category-zeitplan"],"_links":{"self":[{"href":"https:\/\/netzwerke-21.de\/index.php?rest_route=\/wp\/v2\/posts\/22009","targetHints":{"allow":["GET"]}}],"collection":[{"href":"https:\/\/netzwerke-21.de\/index.php?rest_route=\/wp\/v2\/posts"}],"about":[{"href":"https:\/\/netzwerke-21.de\/index.php?rest_route=\/wp\/v2\/types\/post"}],"author":[{"embeddable":true,"href":"https:\/\/netzwerke-21.de\/index.php?rest_route=\/wp\/v2\/users\/6"}],"replies":[{"embeddable":true,"href":"https:\/\/netzwerke-21.de\/index.php?rest_route=%2Fwp%2Fv2%2Fcomments&post=22009"}],"version-history":[{"count":5,"href":"https:\/\/netzwerke-21.de\/index.php?rest_route=\/wp\/v2\/posts\/22009\/revisions"}],"predecessor-version":[{"id":22111,"href":"https:\/\/netzwerke-21.de\/index.php?rest_route=\/wp\/v2\/posts\/22009\/revisions\/22111"}],"wp:attachment":[{"href":"https:\/\/netzwerke-21.de\/index.php?rest_route=%2Fwp%2Fv2%2Fmedia&parent=22009"}],"wp:term":[{"taxonomy":"category","embeddable":true,"href":"https:\/\/netzwerke-21.de\/index.php?rest_route=%2Fwp%2Fv2%2Fcategories&post=22009"},{"taxonomy":"post_tag","embeddable":true,"href":"https:\/\/netzwerke-21.de\/index.php?rest_route=%2Fwp%2Fv2%2Ftags&post=22009"}],"curies":[{"name":"wp","href":"https:\/\/api.w.org\/{rel}","templated":true}]}}