{"id":21981,"date":"2017-01-28T00:23:57","date_gmt":"2017-01-27T22:23:57","guid":{"rendered":"http:\/\/netzwerke-21.de\/?p=21981"},"modified":"2017-01-29T00:34:10","modified_gmt":"2017-01-28T22:34:10","slug":"ausstellung-ueber-historische-ansichten-aus-dem-kernerviertel-und-umgebung","status":"publish","type":"post","link":"https:\/\/netzwerke-21.de\/?p=21981","title":{"rendered":"Ausstellung \u00fcber historische Ansichten aus dem Kernerviertel und Umgebung im Casa Sch\u00fctzenplatz"},"content":{"rendered":"<p>F\u00fcr viele Stuttgarter ist das Kernerviertel in erster Linie das Innenstadtquartier an der\u00a0 Stadtautobahn B 14 mit der Feinstaubhochburg Neckartor und in unmittelbarer N\u00e4he der S21-Bauarbeiten. Doch im Kernerviertel rund um den Sch\u00fctzenplatz mit den sch\u00f6nen Gr\u00fcnderzeith\u00e4usern tut sich was. Dar\u00fcber berichtete die Stuttgarter Zeitung diese Woche in &#8222;<a title=\"StZ: Den Parkplatz zu Platz machen\" href=\"http:\/\/www.stuttgarter-zeitung.de\/inhalt.kernerviertel-den-parkplatz-zum-platz-machen.6042ffcd-5ad2-4ca9-9a49-d131d1da665d.html\" target=\"_blank\">Den Parkplatz zum Platz machen&#8220; <\/a>und letzte Woche in der Innenstadtbeilage in &#8222;<a href=\"http:\/\/netzwerke-21.de\/wordpress\/wp-content\/uploads\/StZ-Ausstellung-18Jan2017.pdf\" target=\"_blank\">Ausstellung zeigt das historische Kernerviertel&#8220;<\/a>.\u00a0 Unter anderem zeigt die Anwohnerinitiative im Casa Sch\u00fctzenplatz, Kernerstra\u00dfe 45, bis zum 19.Februar 2017 in einer &#8222;Reise in die Vergangenheit&#8220; <a href=\"http:\/\/netzwerke-21.de\/wordpress\/wp-content\/uploads\/Casa-Ausstellung-ge\u00f6ffnet.pdf\" target=\"_blank\">historische Ansichtskarten und Fotos aus dem Kernerviertel und Umgebung<\/a>, von der heutigen Hau\u00dfmannstra\u00dfe bis hinunter zum oberen und mittleren Schlo\u00dfgarten. Darunter auch Ansichten von der ehemaligen Kulturmeile Neckarstra\u00dfe zwischen Charlottenplatz und Neckartor, von denen einige Geb\u00e4ude kaum mehr bekannt sind.<\/p>\n<p>Ganz bleibt der Tunnelbau auch bei der Ausstellung nicht au\u00dfen vor. Die StZ schreibt: &#8222;<em>Denn dass das Kernerviertel mit den Folgen des Tunnelbaus zu k\u00e4mpfen hat, ist keine ganz neue Erfahrung. Die Hobby-Ausstellungsmacherin zeigt das Bild eines Hauses auf dem Zwickel zwischen Urban- und Sch\u00fctzenstra\u00dfe. Das Geb\u00e4ude gibt es heute nicht mehr. Es musste dem Bau des Wagenburgtunnels weichen. Den Mineuren war der Untergrund nicht geheuer. Sie begannen die R\u00f6hre nicht am heutigen Portal, sondern trieben eine Schneise ins Kernerviertel, mauerten den Tunnel und sch\u00fctteten die Grube wieder zu&#8220;.\u00a0<\/em><\/p>\n<p><img loading=\"lazy\" decoding=\"async\" class=\"attachment-900x900\" src=\"http:\/\/netzwerke-21.de\/wordpress\/wp-content\/uploads\/Urban-Schuetzenstrasse-1024x659.jpg\" alt=\"Urban- Schuetzenstrasse\" width=\"610\" height=\"393\" \/><\/p>\n","protected":false},"excerpt":{"rendered":"<p>F\u00fcr viele Stuttgarter ist das Kernerviertel in erster Linie das Innenstadtquartier an der\u00a0 Stadtautobahn B 14 mit der Feinstaubhochburg Neckartor und in unmittelbarer N\u00e4he der S21-Bauarbeiten. Doch im Kernerviertel rund um den Sch\u00fctzenplatz mit den sch\u00f6nen Gr\u00fcnderzeith\u00e4usern tut sich was. &hellip; <a href=\"https:\/\/netzwerke-21.de\/?p=21981\">Weiterlesen <span class=\"meta-nav\">&rarr;<\/span><\/a><\/p>\n","protected":false},"author":6,"featured_media":0,"comment_status":"closed","ping_status":"closed","sticky":false,"template":"","format":"standard","meta":{"footnotes":""},"categories":[1,21,10],"tags":[],"class_list":["post-21981","post","type-post","status-publish","format-standard","hentry","category-allgemein","category-kernerviertel","category-veranstaltungen"],"_links":{"self":[{"href":"https:\/\/netzwerke-21.de\/index.php?rest_route=\/wp\/v2\/posts\/21981","targetHints":{"allow":["GET"]}}],"collection":[{"href":"https:\/\/netzwerke-21.de\/index.php?rest_route=\/wp\/v2\/posts"}],"about":[{"href":"https:\/\/netzwerke-21.de\/index.php?rest_route=\/wp\/v2\/types\/post"}],"author":[{"embeddable":true,"href":"https:\/\/netzwerke-21.de\/index.php?rest_route=\/wp\/v2\/users\/6"}],"replies":[{"embeddable":true,"href":"https:\/\/netzwerke-21.de\/index.php?rest_route=%2Fwp%2Fv2%2Fcomments&post=21981"}],"version-history":[{"count":18,"href":"https:\/\/netzwerke-21.de\/index.php?rest_route=\/wp\/v2\/posts\/21981\/revisions"}],"predecessor-version":[{"id":22003,"href":"https:\/\/netzwerke-21.de\/index.php?rest_route=\/wp\/v2\/posts\/21981\/revisions\/22003"}],"wp:attachment":[{"href":"https:\/\/netzwerke-21.de\/index.php?rest_route=%2Fwp%2Fv2%2Fmedia&parent=21981"}],"wp:term":[{"taxonomy":"category","embeddable":true,"href":"https:\/\/netzwerke-21.de\/index.php?rest_route=%2Fwp%2Fv2%2Fcategories&post=21981"},{"taxonomy":"post_tag","embeddable":true,"href":"https:\/\/netzwerke-21.de\/index.php?rest_route=%2Fwp%2Fv2%2Ftags&post=21981"}],"curies":[{"name":"wp","href":"https:\/\/api.w.org\/{rel}","templated":true}]}}