{"id":21916,"date":"2017-01-19T00:32:54","date_gmt":"2017-01-18T22:32:54","guid":{"rendered":"http:\/\/netzwerke-21.de\/?p=21916"},"modified":"2017-01-20T00:11:14","modified_gmt":"2017-01-19T22:11:14","slug":"stzn-gericht-stoppt-s-21-arbeiten-auf-den-fildern","status":"publish","type":"post","link":"https:\/\/netzwerke-21.de\/?p=21916","title":{"rendered":"StZN: Gericht stoppt S-21-Arbeiten auf den Fildern"},"content":{"rendered":"<p><a title=\"Schutzgemeinschaft Fildern sammelt Spenden wegen Klage \/ StZN: Filderanschluss sei eine \u201ePrimitivl\u00f6sung\u201c\" href=\"http:\/\/netzwerke-21.de\/?p=21494\" target=\"_blank\">Die Schutzgemeinschaft Fildern hatte im Dezember gegen den Planfeststellungsbeschluss zum abgetrennten Filderabschnitt 1.3a geklag<\/a>t und in einem Eilantrag gefordert, die sofortige Vollziehbarkeit der Baugenehmigung auszusetzen.<\/p>\n<p>Heute berichten die beiden Stuttgarter Zeitungen (<a title=\"StZ: Gericht stoppt S-21-Arbeiten auf den Fildern\" href=\"http:\/\/www.stuttgarter-zeitung.de\/inhalt.stuttgart-21-gericht-stoppt-s-21-arbeiten-auf-den-fildern.3c45082d-114f-49c9-bbf6-6eabea2e57fd.html\" target=\"_blank\">hier<\/a>), dass der Verwaltungsgerichtshof Mannheim (VGH) der Bahn untersagt hat, &#8222;..<em>.im Stuttgart-21-Abschnitt rund um den Flughafen B\u00e4ume zu f\u00e4llen und Str\u00e4ucher zur\u00fcckzuschneiden. Diese Rodungen w\u00e4ren aber notwendig gewesen, um mit den Arbeiten f\u00fcr die Neubaustrecke l\u00e4ngs der Autobahn und f\u00fcr die Anbindung des Manfred-Rommel-Flughafens an die Gleisstrecken von Stuttgart 21 zu beginnen. Grunds\u00e4tzlich sind nach dem Bundesnaturschutzgesetz R\u00fcckschnitte und F\u00e4llungen nur in der Zeit zwischen dem 1. Oktober und dem 1.\u2009M\u00e4rz zul\u00e4ssig. Somit droht in dem Abschnitt ein weiterer Zeitverzug von einem halben Jahr.&#8220;<\/em><\/p>\n<p>Eine Entscheidung des VGH \u00fcber die Klage oder den Sofortvollzug ist damit nicht verbunden. Steffen Siegel, Sprecher der Schutzgemeinschaft Fildern, informierte auf der letzten Montagsdemo (<a href=\"https:\/\/www.youtube.com\/watch?v=k05YL-ERz7s&amp;feature=youtu.be\" target=\"_blank\">Video ab Min. 15:00 <\/a>) dar\u00fcber, dass das Verfahren m\u00f6glicherweise in erster und letzter Instanz beim Bundesverwaltungsgericht entschieden werden soll. Der Verwaltungsgerichtshof Mannheim hat &#8222;Bedenken gegen seine eigene Zust\u00e4ndigkeit geltend gemacht&#8220;.\u00a0 Steffens Siegels Kommentar dazu: &#8220; <em>Man beachte, ein Gericht hat Wochen nach Beginn des Verfahrens Bedenken gegen sich selbst&#8230; Ich als juristischer Laie wei\u00df nicht, ob mir das Mannheimer oder das Leipziger Gericht lieber w\u00e4re. Ich wei\u00df nur, mein Lieblingsgericht sind Linsen mit Sp\u00e4tzle.&#8220;<\/em><\/p>\n<p>Update: Die Stuttgarter Zeitung berichtet (<a title=\"StZ: Verhaltene Freude auf den Fildern\" href=\"http:\/\/www.stuttgarter-zeitung.de\/inhalt.stuttgart-21-s-21-verhaltene-freude-auf-den-fildern.4d830608-129e-40f8-90bc-34d7b99cfe2c.html\" target=\"_blank\">hier<\/a>), dass der Baustopp erst einmal &#8222;<em>verhaltene Freunde auf den Fildern ausl\u00f6st.&#8220;<\/em><\/p>\n","protected":false},"excerpt":{"rendered":"<p>Die Schutzgemeinschaft Fildern hatte im Dezember gegen den Planfeststellungsbeschluss zum abgetrennten Filderabschnitt 1.3a geklagt und in einem Eilantrag gefordert, die sofortige Vollziehbarkeit der Baugenehmigung auszusetzen. Heute berichten die beiden Stuttgarter Zeitungen (hier), dass der Verwaltungsgerichtshof Mannheim (VGH) der Bahn untersagt &hellip; <a href=\"https:\/\/netzwerke-21.de\/?p=21916\">Weiterlesen <span class=\"meta-nav\">&rarr;<\/span><\/a><\/p>\n","protected":false},"author":6,"featured_media":0,"comment_status":"closed","ping_status":"closed","sticky":false,"template":"","format":"standard","meta":{"footnotes":""},"categories":[1,46,62,34,53],"tags":[],"class_list":["post-21916","post","type-post","status-publish","format-standard","hentry","category-allgemein","category-filderbereich","category-klageverfahren","category-planfeststellung","category-zeitplan"],"_links":{"self":[{"href":"https:\/\/netzwerke-21.de\/index.php?rest_route=\/wp\/v2\/posts\/21916","targetHints":{"allow":["GET"]}}],"collection":[{"href":"https:\/\/netzwerke-21.de\/index.php?rest_route=\/wp\/v2\/posts"}],"about":[{"href":"https:\/\/netzwerke-21.de\/index.php?rest_route=\/wp\/v2\/types\/post"}],"author":[{"embeddable":true,"href":"https:\/\/netzwerke-21.de\/index.php?rest_route=\/wp\/v2\/users\/6"}],"replies":[{"embeddable":true,"href":"https:\/\/netzwerke-21.de\/index.php?rest_route=%2Fwp%2Fv2%2Fcomments&post=21916"}],"version-history":[{"count":9,"href":"https:\/\/netzwerke-21.de\/index.php?rest_route=\/wp\/v2\/posts\/21916\/revisions"}],"predecessor-version":[{"id":21925,"href":"https:\/\/netzwerke-21.de\/index.php?rest_route=\/wp\/v2\/posts\/21916\/revisions\/21925"}],"wp:attachment":[{"href":"https:\/\/netzwerke-21.de\/index.php?rest_route=%2Fwp%2Fv2%2Fmedia&parent=21916"}],"wp:term":[{"taxonomy":"category","embeddable":true,"href":"https:\/\/netzwerke-21.de\/index.php?rest_route=%2Fwp%2Fv2%2Fcategories&post=21916"},{"taxonomy":"post_tag","embeddable":true,"href":"https:\/\/netzwerke-21.de\/index.php?rest_route=%2Fwp%2Fv2%2Ftags&post=21916"}],"curies":[{"name":"wp","href":"https:\/\/api.w.org\/{rel}","templated":true}]}}