{"id":21762,"date":"2016-12-22T00:48:50","date_gmt":"2016-12-21T22:48:50","guid":{"rendered":"http:\/\/netzwerke-21.de\/?p=21762"},"modified":"2017-01-09T00:34:01","modified_gmt":"2017-01-08T22:34:01","slug":"berichterstattungen-zum-ersten-tunneldurchschlag-der-geplanten-sondersitzung-des-lenkungskreises-und-dem-klagemarathon","status":"publish","type":"post","link":"https:\/\/netzwerke-21.de\/?p=21762","title":{"rendered":"Berichterstattungen zum ersten Tunneldurchschlag, der geplanten Sondersitzung des Lenkungskreises und dem Klagemarathon"},"content":{"rendered":"<p><strong>Zum ersten Tunneldurchschlag bei Stuttgart 21:<\/strong><\/p>\n<ul>\n<li><strong>StN: <a href=\"http:\/\/www.stuttgarter-nachrichten.de\/inhalt.stuttgart-21-bahn-feiert-ersten-tunneldurchschlag.58d4ffff-48e8-41a9-bbba-0f8fe7b0b0cf.html\" target=\"_blank\">Bahn feiert Tunneldurchschlag<\/a><\/strong><\/li>\n<li><strong>StN:&#8220;<a href=\"http:\/\/www.stuttgarter-nachrichten.de\/inhalt.stuttgart-21-halbzeit.e4ebd08f-72b7-4120-a72d-e9438f4debf7.html\" target=\"_blank\">Halbzeit&#8220;<\/a><\/strong><\/li>\n<li><strong>StZ:<\/strong> <a href=\"http:\/\/www.stuttgarter-zeitung.de\/inhalt.stuttgart-21-erstes-s-21-tunnelstueck-erreicht-die-city.11485d9c-f317-4360-8714-e961e260aaa3.html\" target=\"_blank\">Erstes S-21-Tunnelst\u00fcck erreicht die City<\/a><\/li>\n<li><strong>StZN:<\/strong><a href=\"http:\/\/www.stuttgarter-zeitung.de\/inhalt.tunneldurchschlagfeier-gruener-ob-kuhn-stuttgart-21-tut-der-stadt-gut.cd5395d7-53c4-4eeb-98d0-2b2c323f0e5e.html\" target=\"_blank\">Gr\u00fcner OB Kuhn: Stuttgart 21 tut der Stadt gut<\/a><\/li>\n<li><strong>StZ:<\/strong> &#8222;<a href=\"http:\/\/www.stuttgarter-zeitung.de\/inhalt.kommentar-zum-tunneldurchschlag-ein-zwischenschritt.40752d73-c8df-4f3a-bb05-0a297a6d01df.html\" target=\"_blank\">Ein Zwischenschritt&#8220;<\/a><\/li>\n<li><strong>SWR:<\/strong> <a href=\"https:\/\/swrmediathek.de\/player.htm?show=5085ea00-c622-11e6-8e1e-005056a12b4c\" target=\"_blank\">Landesschau (ab 6:14)<\/a><\/li>\n<li><strong>ARD:<\/strong> <a href=\"http:\/\/www.ardmediathek.de\/tv\/Tagesschau\/tagesschau-20-00-Uhr\/Das-Erste\/Video?bcastId=4326&amp;documentId=39586320\" target=\"_blank\">Tagesschau (ab 8:38)<\/a><\/li>\n<li><strong>Pressemitteilung Bahn:<\/strong> <a href=\"http:\/\/www.bahnprojekt-stuttgart-ulm.de\/no_cache\/projekt\/aktuell\/newsdetail\/news\/erster-tunneldurchschlag-in-stuttgart-gefeiert\/newsParameter\/detail\/News\/datum\/20161219\/\" target=\"_blank\">Erster Tunneldurchschlag in Stuttgart gefeiert. Feierlicher Tunneldurchschlag im Tunnel Bad Cannstatt<\/a><\/li>\n<li><strong>Pressemitteilung Aktionsb\u00fcndnis:<\/strong> <a href=\"http:\/\/www.kopfbahnhof-21.de\/heile-welt-show-der-deutschen-bahn-ag-zu-stuttgart-21-ablenkungsmanoever-tunneldurchschlag\/\" target=\"_blank\">Heile-Welt-Show der Deutschen Bahn AG zu Stuttgart 21: Ablenkungsman\u00f6ver Tunneldurchschlag<\/a><\/li>\n<\/ul>\n<p><strong>Sondersitzung des Lenkungskreises zum Anhydrit-Risiko: <\/strong><\/p>\n<p><strong>StZN:<\/strong> <a href=\"http:\/\/www.stuttgarter-zeitung.de\/inhalt.lenkungskreis-zu-stuttgart-21-sondersitzung-findet-wohl-im-januar-statt.ce486ca7-421e-4b07-9c27-526bf570252a.html\" target=\"_blank\">Sondersitzung findet wohl im Januar statt<\/a><strong><br \/>\n<\/strong><\/p>\n<p><strong>Land plant gegen Stadt, Region und Flughafen wegen m\u00f6glicher \u00dcbernahme der Mehrkosten f\u00fcr Stuttgart 21 zu klagen:<\/strong><\/p>\n<ul>\n<li><strong>StN:<\/strong> <a href=\"http:\/\/www.stuttgarter-nachrichten.de\/inhalt.stuttgart-21-s-21-land-will-stadt-auf-zahlung-verklagen.f9af9bed-84dc-4bb6-9618-201e8b149206.html\" target=\"_blank\">S 21: Land will Stadt auf Zahlung verklagen<\/a><\/li>\n<li><strong>StN:<\/strong> <a title=\"StN: Jeder gegen jeden beim Klagemarathon\" href=\"http:\/\/www.stuttgarter-nachrichten.de\/inhalt.stuttgart-21-hypothek.e71be9cb-ed1b-4ce3-aa89-21e4de781ebb.html\" target=\"_blank\">Jeder gegen jeden beim Klagemarathon<\/a><\/li>\n<li><strong>StZ:<\/strong> &#8222;<a href=\"http:\/\/www.stuttgarter-zeitung.de\/inhalt.stuttgart-21-juristische-klimmzuege.cb94df99-08a8-4fc0-a17e-743daf07d8fc.html\" target=\"_blank\">Juristische Klimmz\u00fcge&#8220;<\/a><\/li>\n<\/ul>\n<p><strong>Update 08.01.2017: Bahn klagt gegen die Projektpartner<br \/>\n<\/strong><\/p>\n<ul>\n<li><strong>StN: <\/strong><a title=\"StN: Stadt rechnet mit Klagemarathon\" href=\"http:\/\/www.stuttgarter-nachrichten.de\/inhalt.stuttgart-21-stadt-rechnet-mit-klagemarathon.d9ab175c-eecf-40bd-ad14-363bde9e292f.html\" target=\"_blank\">Stadt rechnet mit Klagemarathon<\/a><\/li>\n<li><strong>StZN:<\/strong> <a title=\"Klage der Bahn gegen Partner steht unmittelbar bevor\" href=\"http:\/\/www.stuttgarter-nachrichten.de\/inhalt.stuttgart-21-klage-der-bahn-gegen-partner-steht-unmittelbar-bevor.88ed8478-da48-4d38-a921-5c634fb01e4c.html\" target=\"_blank\">Klage der Bahn gegen Partner steht unmittelbar bevor <\/a><\/li>\n<li><strong>StZN:<\/strong> <a title=\"Klage der Bahn bei Gericht eingegangen\" href=\"http:\/\/www.stuttgarter-zeitung.de\/inhalt.stuttgart-21-klage-der-bahn-bei-gericht-eingegangen.53c55777-5ec8-42c9-8b43-97db0a56dd59.html\" target=\"_blank\">Klage der Bahn bei Gericht eingegangen <\/a><\/li>\n<li><strong>StZN:<\/strong> <a title=\"StN: Bahn vergibt S-21-Klage an US-Kanzlei\" href=\"http:\/\/www.stuttgarter-nachrichten.de\/inhalt.stuttgart-21-bahn-vergibt-s-21-klage-an-us-kanzlei.2700ca5c-bdca-4734-bf58-b3d6c52023cd.html\" target=\"_blank\">Bahn vergibt S-21-Klage an US-Kanzlei<\/a><\/li>\n<li><strong>SZ:<\/strong><a href=\"http:\/\/www.sueddeutsche.de\/politik\/stuttgart-schatten-am-ende-des-tunnels-1.3306713\" target=\"_blank\"> Schatten am Ende des Tunnels<\/a><\/li>\n<\/ul>\n","protected":false},"excerpt":{"rendered":"<p>Zum ersten Tunneldurchschlag bei Stuttgart 21: StN: Bahn feiert Tunneldurchschlag StN:&#8220;Halbzeit&#8220; StZ: Erstes S-21-Tunnelst\u00fcck erreicht die City StZN:Gr\u00fcner OB Kuhn: Stuttgart 21 tut der Stadt gut StZ: &#8222;Ein Zwischenschritt&#8220; SWR: Landesschau (ab 6:14) ARD: Tagesschau (ab 8:38) Pressemitteilung Bahn: Erster &hellip; <a href=\"https:\/\/netzwerke-21.de\/?p=21762\">Weiterlesen <span class=\"meta-nav\">&rarr;<\/span><\/a><\/p>\n","protected":false},"author":6,"featured_media":0,"comment_status":"closed","ping_status":"closed","sticky":false,"template":"","format":"standard","meta":{"footnotes":""},"categories":[1,55,48,8,71,20,62,59,39,26,38,10,53],"tags":[],"class_list":["post-21762","post","type-post","status-publish","format-standard","hentry","category-allgemein","category-anhydrit","category-bad-cannstatt","category-bauarbeiten","category-baufortschritt","category-killesberg","category-klageverfahren","category-kosten","category-land-bw","category-stadt-stuttgart","category-tunnelstrecken","category-veranstaltungen","category-zeitplan"],"_links":{"self":[{"href":"https:\/\/netzwerke-21.de\/index.php?rest_route=\/wp\/v2\/posts\/21762","targetHints":{"allow":["GET"]}}],"collection":[{"href":"https:\/\/netzwerke-21.de\/index.php?rest_route=\/wp\/v2\/posts"}],"about":[{"href":"https:\/\/netzwerke-21.de\/index.php?rest_route=\/wp\/v2\/types\/post"}],"author":[{"embeddable":true,"href":"https:\/\/netzwerke-21.de\/index.php?rest_route=\/wp\/v2\/users\/6"}],"replies":[{"embeddable":true,"href":"https:\/\/netzwerke-21.de\/index.php?rest_route=%2Fwp%2Fv2%2Fcomments&post=21762"}],"version-history":[{"count":12,"href":"https:\/\/netzwerke-21.de\/index.php?rest_route=\/wp\/v2\/posts\/21762\/revisions"}],"predecessor-version":[{"id":21808,"href":"https:\/\/netzwerke-21.de\/index.php?rest_route=\/wp\/v2\/posts\/21762\/revisions\/21808"}],"wp:attachment":[{"href":"https:\/\/netzwerke-21.de\/index.php?rest_route=%2Fwp%2Fv2%2Fmedia&parent=21762"}],"wp:term":[{"taxonomy":"category","embeddable":true,"href":"https:\/\/netzwerke-21.de\/index.php?rest_route=%2Fwp%2Fv2%2Fcategories&post=21762"},{"taxonomy":"post_tag","embeddable":true,"href":"https:\/\/netzwerke-21.de\/index.php?rest_route=%2Fwp%2Fv2%2Ftags&post=21762"}],"curies":[{"name":"wp","href":"https:\/\/api.w.org\/{rel}","templated":true}]}}