{"id":21331,"date":"2016-11-30T23:46:42","date_gmt":"2016-11-30T21:46:42","guid":{"rendered":"http:\/\/netzwerke-21.de\/?p=21331"},"modified":"2017-12-07T23:50:08","modified_gmt":"2017-12-07T21:50:08","slug":"stzn-schallschutz-monster-soll-vermieden-werden","status":"publish","type":"post","link":"https:\/\/netzwerke-21.de\/?p=21331","title":{"rendered":"StZN: Schallschutz-Monster soll vermieden werden"},"content":{"rendered":"<p>Gestern fand in der Untert\u00fcrkeimer S\u00e4ngerhalle die Informationsveranstaltung \u00fcber den im dritten Anlauf neu geplanten S21-Abstellbahnhof statt, der jetzt verteilt in den drei Stadtteilen Untert\u00fcrkheim, Obert\u00fcrkheim und M\u00fcnster vorgesehen ist. Die beiden Stuttgarter Zeitungen (<a title=\"StZN: Schallschutz-Monster soll vermieden werden\" href=\"http:\/\/www.stuttgarter-nachrichten.de\/inhalt.stuttgart-21-schallschutz-monster-soll-vermieden-werden.4f8fe1d9-9bc8-4d32-b7a7-a63e5de0e440.html\" target=\"_blank\" rel=\"noopener noreferrer\">hier<\/a>) berichteten dar\u00fcber.<\/p>\n<p><a title=\"StZ: S-21-Filderabschnitt- Jede Menge W\u00e4nde zum Schutz der B\u00fcrger \/ Was ist mit der L\u00e4rmschutzwand f\u00fcr Obert\u00fcrkheim?\" href=\"http:\/\/netzwerke-21.de\/?p=18316\" target=\"_blank\" rel=\"noopener noreferrer\">Die planfestgestellte L\u00e4rmschutzwand zwischen Unter- und Obert\u00fcrkheim, \u00fcber die wir berichtet hatten<\/a>,\u00a0 f\u00e4llt nach den \u00fcberarbeiteten Pl\u00e4nen weg, da die Gleise in Untert\u00fcrkheim um 100 Meter von der Wohnbebauung verlagert werden. Ein Gastbeitrag des Infob\u00fcndnisses Zukunft Schiene &#8211; obere Neckarvororte- \u00fcber die Veranstaltung werden wir noch ver\u00f6ffentlichen. Die auf der Veranstaltung pr\u00e4sentierten Folien der DB Projekt Stuttgart-Ulm GmbH k\u00f6nnen Sie auf der Webseite der PSU (<a href=\"http:\/\/www.bahnprojekt-stuttgart-ulm.de\/no_cache\/mediathek\/detail\/media\/abstellbahnhof-untertuerkheim-pfa-16b-infoveranstaltung\/mediaParameter\/show\/Medium\/\" target=\"_blank\" rel=\"noopener noreferrer\">hier<\/a>) abrufen.<\/p>\n","protected":false},"excerpt":{"rendered":"<p>Gestern fand in der Untert\u00fcrkeimer S\u00e4ngerhalle die Informationsveranstaltung \u00fcber den im dritten Anlauf neu geplanten S21-Abstellbahnhof statt, der jetzt verteilt in den drei Stadtteilen Untert\u00fcrkheim, Obert\u00fcrkheim und M\u00fcnster vorgesehen ist. Die beiden Stuttgarter Zeitungen (hier) berichteten dar\u00fcber. Die planfestgestellte L\u00e4rmschutzwand &hellip; <a href=\"https:\/\/netzwerke-21.de\/?p=21331\">Weiterlesen <span class=\"meta-nav\">&rarr;<\/span><\/a><\/p>\n","protected":false},"author":6,"featured_media":0,"comment_status":"closed","ping_status":"closed","sticky":false,"template":"","format":"standard","meta":{"footnotes":""},"categories":[83,13,51,25,73,34,22,10,53],"tags":[],"class_list":["post-21331","post","type-post","status-publish","format-standard","hentry","category-anwohnerveranstaltung","category-laerm","category-muenster","category-obertuerkheim","category-oekologie","category-planfeststellung","category-untertuerkheim","category-veranstaltungen","category-zeitplan"],"_links":{"self":[{"href":"https:\/\/netzwerke-21.de\/index.php?rest_route=\/wp\/v2\/posts\/21331","targetHints":{"allow":["GET"]}}],"collection":[{"href":"https:\/\/netzwerke-21.de\/index.php?rest_route=\/wp\/v2\/posts"}],"about":[{"href":"https:\/\/netzwerke-21.de\/index.php?rest_route=\/wp\/v2\/types\/post"}],"author":[{"embeddable":true,"href":"https:\/\/netzwerke-21.de\/index.php?rest_route=\/wp\/v2\/users\/6"}],"replies":[{"embeddable":true,"href":"https:\/\/netzwerke-21.de\/index.php?rest_route=%2Fwp%2Fv2%2Fcomments&post=21331"}],"version-history":[{"count":4,"href":"https:\/\/netzwerke-21.de\/index.php?rest_route=\/wp\/v2\/posts\/21331\/revisions"}],"predecessor-version":[{"id":26539,"href":"https:\/\/netzwerke-21.de\/index.php?rest_route=\/wp\/v2\/posts\/21331\/revisions\/26539"}],"wp:attachment":[{"href":"https:\/\/netzwerke-21.de\/index.php?rest_route=%2Fwp%2Fv2%2Fmedia&parent=21331"}],"wp:term":[{"taxonomy":"category","embeddable":true,"href":"https:\/\/netzwerke-21.de\/index.php?rest_route=%2Fwp%2Fv2%2Fcategories&post=21331"},{"taxonomy":"post_tag","embeddable":true,"href":"https:\/\/netzwerke-21.de\/index.php?rest_route=%2Fwp%2Fv2%2Ftags&post=21331"}],"curies":[{"name":"wp","href":"https:\/\/api.w.org\/{rel}","templated":true}]}}