{"id":21183,"date":"2016-11-23T00:05:21","date_gmt":"2016-11-22T22:05:21","guid":{"rendered":"http:\/\/netzwerke-21.de\/?p=21183"},"modified":"2017-12-27T01:28:47","modified_gmt":"2017-12-26T23:28:47","slug":"baa-bericht-ueber-eine-nicht-alternative-baustellenbesichtigung","status":"publish","type":"post","link":"https:\/\/netzwerke-21.de\/?p=21183","title":{"rendered":"BAA: Bericht \u00fcber eine nicht-alternative Baustellenbesichtigung"},"content":{"rendered":"<hr \/>\n<p>Auf der Webseite Bei-Abriss-Aufstand wurde gestern ein sehr interessanter Bericht von Peter M\u00fcller \u00fcber eine &#8222;nicht-alternative&#8220; Baustellenbesichtigung mit dem S21-Abschnittsleiter Michael Pradel (<a title=\"BAA: Bericht \u00fcber eine nicht-alternative Baustellenbesichtigung\" href=\"https:\/\/www.bei-abriss-aufstand.de\/2016\/11\/22\/bericht-ueber-eine-nicht-alternative-baustellenbesichtigung\/#more-61868\" target=\"_blank\" rel=\"noopener noreferrer\">hier<\/a>) ver\u00f6ffentlicht. Gemeinsam mit Wolfgang Kuebart von den Ingenieuren 22 haben sie\u00a0 einen Rundgang \u00fcber die verschiedenen Baufelder des &#8222;Tiefbahnhofs&#8220; gemacht. Ein Auszug aus dem lesenswerten Bericht:<\/p>\n<p><em>&#8222;&#8230;In der Grube zwischen den beiden Verbindungsstegen zum Querbahnsteig wird derzeit Erdreich f\u00fcr den Bodenaustausch gelagert. Das deutet darauf hin, dass man dort in der n\u00e4chsten Zeit nicht viel anfangen wird. Was die schwierige \u00dcberquerung der S-Bahn angeht, da wei\u00df die Bahn wohl selbst nicht so richtig, wie sie es anstellen soll. Laut Herrn Pradel wei\u00df man noch nicht einmal, mit wie viel Grundwasser in diesem Bereich zu rechnen ist. Und genehmigt ist dieser Bereich auch noch nicht.<\/em><\/p>\n<p><em>Kurz darauf standen wir vor dem Baufeld 16, wo einige wenige Arbeiter noch mit dem Einbringen von Armierungen besch\u00e4ftigt waren. Betoniert wurde zu diesem Zeitpunkt nicht. Der Projektleiter sagte, dass man sich mit Baufeld 16 nicht sonderlich beeile, weil man sonst warten m\u00fcsse, bis man weiterarbeiten k\u00f6nne. Au\u00dferdem erfuhren wir, dass die Agentur f\u00fcr Arbeit die Baustelle Tiefbahnhof in drei Abschnitte eingeteilt hat und die Arbeiter nicht von einem Abschnitt auf den anderen umgesetzt werden d\u00fcrfen&#8230;&#8220;.<\/em><\/p>\n","protected":false},"excerpt":{"rendered":"<p>Auf der Webseite Bei-Abriss-Aufstand wurde gestern ein sehr interessanter Bericht von Peter M\u00fcller \u00fcber eine &#8222;nicht-alternative&#8220; Baustellenbesichtigung mit dem S21-Abschnittsleiter Michael Pradel (hier) ver\u00f6ffentlicht. Gemeinsam mit Wolfgang Kuebart von den Ingenieuren 22 haben sie\u00a0 einen Rundgang \u00fcber die verschiedenen Baufelder &hellip; <a href=\"https:\/\/netzwerke-21.de\/?p=21183\">Weiterlesen <span class=\"meta-nav\">&rarr;<\/span><\/a><\/p>\n","protected":false},"author":6,"featured_media":0,"comment_status":"closed","ping_status":"closed","sticky":false,"template":"","format":"standard","meta":{"footnotes":""},"categories":[8,71,56,85,21,20,34,80,58,53],"tags":[],"class_list":["post-21183","post","type-post","status-publish","format-standard","hentry","category-bauarbeiten","category-baufortschritt","category-baustellenabsicherung","category-ingenieure22","category-kernerviertel","category-killesberg","category-planfeststellung","category-s-bahn","category-tiefbahnhof","category-zeitplan"],"_links":{"self":[{"href":"https:\/\/netzwerke-21.de\/index.php?rest_route=\/wp\/v2\/posts\/21183","targetHints":{"allow":["GET"]}}],"collection":[{"href":"https:\/\/netzwerke-21.de\/index.php?rest_route=\/wp\/v2\/posts"}],"about":[{"href":"https:\/\/netzwerke-21.de\/index.php?rest_route=\/wp\/v2\/types\/post"}],"author":[{"embeddable":true,"href":"https:\/\/netzwerke-21.de\/index.php?rest_route=\/wp\/v2\/users\/6"}],"replies":[{"embeddable":true,"href":"https:\/\/netzwerke-21.de\/index.php?rest_route=%2Fwp%2Fv2%2Fcomments&post=21183"}],"version-history":[{"count":6,"href":"https:\/\/netzwerke-21.de\/index.php?rest_route=\/wp\/v2\/posts\/21183\/revisions"}],"predecessor-version":[{"id":26934,"href":"https:\/\/netzwerke-21.de\/index.php?rest_route=\/wp\/v2\/posts\/21183\/revisions\/26934"}],"wp:attachment":[{"href":"https:\/\/netzwerke-21.de\/index.php?rest_route=%2Fwp%2Fv2%2Fmedia&parent=21183"}],"wp:term":[{"taxonomy":"category","embeddable":true,"href":"https:\/\/netzwerke-21.de\/index.php?rest_route=%2Fwp%2Fv2%2Fcategories&post=21183"},{"taxonomy":"post_tag","embeddable":true,"href":"https:\/\/netzwerke-21.de\/index.php?rest_route=%2Fwp%2Fv2%2Ftags&post=21183"}],"curies":[{"name":"wp","href":"https:\/\/api.w.org\/{rel}","templated":true}]}}