{"id":20837,"date":"2016-11-05T19:12:26","date_gmt":"2016-11-05T17:12:26","guid":{"rendered":"http:\/\/netzwerke-21.de\/?p=20837"},"modified":"2017-07-30T22:59:34","modified_gmt":"2017-07-30T20:59:34","slug":"stz-ueber-faellungen-im-rosensteinpark-geraffte-bauablaeufe-und-genehmigung-des-schwallbauwerks-sued","status":"publish","type":"post","link":"https:\/\/netzwerke-21.de\/?p=20837","title":{"rendered":"StZ \u00fcber F\u00e4llungen im Rosensteinpark, Workshops f\u00fcr geraffte Bauabl\u00e4ufe und Genehmigung des Schwallbauwerks S\u00fcd"},"content":{"rendered":"<p>Die Stuttgarter Zeitung hat gestern im Vorfeld des am Montag stattfindenden Lenkungskreises zwei Artikel \u00fcber Stuttgart 21 ver\u00f6ffentlicht.<\/p>\n<p>Im ersten Artikel geht es\u00a0 um die bevorstehenden F\u00e4llung von sieben B\u00e4umen im\u00a0 besonders gesch\u00fctzten Rosensteinpark f\u00fcr den Bau der Neckarbr\u00fccke (<a title=\"StZ: Im Park ist Baum nicht gleich Baum\" href=\"http:\/\/www.stuttgarter-zeitung.de\/inhalt.stuttgart-21-im-park-ist-baum-nicht-gleich-baum.f3bbad07-529d-41f0-98f3-dc2b3ee29d38.html\" target=\"_blank\" rel=\"noopener noreferrer\">hier<\/a>). Dagegen steht die artenschutzrechtliche Genehmigung f\u00fcr den Bau des Bad Cannstattet Tunnels im Bereich der Ehmannstra\u00dfe weiterhin aus. Die StZ schreibt:\u00a0 &#8222;D<em>ort wollte sie f\u00fcr den Tunnelbau eine gro\u00dfe Baugrube \u00f6ffnen. Doch in den B\u00e4umen, die dem im Wege stehen, lebt der Juchtenk\u00e4fer. Daher plant die Bahn um und will einen Tunnel unter den B\u00e4umen hindurch bauen. Auch dort steht die Genehmigung noch aus. Nach der j\u00fcngsten Lenkungskreissitzung im Juni war man bei der Bahn noch zuversichtlich, den entsprechenden Bescheid vom Eisenbahn-Bundesamt im September in den H\u00e4nden zu halten. Doch auch Anfang November ist die Genehmigung noch nicht ergangen.&#8220;<\/em><\/p>\n<p>Der zweite Artikel (<a title=\"StZ: Der Terminplan f\u00fcr Stuttgart 21 unter der Lupe\" href=\"http:\/\/www.stuttgarter-zeitung.de\/inhalt.stuttgart-21-der-terminplan-fuer-stuttgart-21-unter-der-lupe.ddde041f-278d-4b51-868a-5bb437ee7914.html\" target=\"_blank\" rel=\"noopener noreferrer\">hier<\/a>) befasst sich mit den bevorstehenden Lenkungskreis am Montag, bei dem es auch darum gehen wird, &#8222;<em>ob und, wenn ja, wie der angespannte Terminplan f\u00fcr Stuttgart\u200921 zu retten ist.\u00a0 Vor f\u00fcnf Monaten musste die Bahn einr\u00e4umen, dass alleine auf der Baustelle f\u00fcr den eigentlichen Bahnhof mittlerweile eine Versp\u00e4tung von zwei Jahren aufgelaufen ist.&#8220;\u00a0<\/em> Es geht laut StZ um einen &#8222;geraffteren Bauablauf&#8220;, insbesondere bei den Stra\u00dfenverlegungen. Damit werden die\u00a0 erforderlichen Verlegungen f\u00fcr die Trog- und D\u00fckerbaustellen rund um den Bahnhof gemeint sein, d.h. Heilbronner-, Schiller- und Willy-Brandstra\u00dfe. Alles f\u00fcr den Berufsverkehr neuralgische Stra\u00dfen. \u00c4nderungen im Bauablauf am S\u00fcdkopf werden vor allem das Kernerviertel betreffen.<em><br \/>\n<\/em><\/p>\n<p>Dar\u00fcberhinaus berichtet die StZ, dass die Plan\u00e4nderung zum Schwallbauwerk S\u00fcd jetzt vom EBA genehmigt sei. Eine Grafik zeigt den Standort und die Gr\u00f6\u00dfe des 16 x 16 Meter gro\u00dfen Bauwerks am Fu\u00dfe des Kernerviertels:<\/p>\n<p><img loading=\"lazy\" decoding=\"async\" class=\"thumbnail\" src=\"http:\/\/netzwerke-21.de\/wordpress\/wp-content\/uploads\/Schwallbauwerk-S%C3%BCd-Monsterhutze-C-1920-1024x458.jpg\" alt=\"\" width=\"640\" height=\"286\" \/><\/p>\n<p>Das Schwallbauwerk S\u00fcd dient zur Entl\u00fcftung des Luftschwalls der in den \u201eTiefbahnhof\u201c einfahrenden Z\u00fcge. Urspr\u00fcnglich sah die Planfeststellung zehn L\u00fcfter vor, die im Dauerbetrieb zur Bel\u00fcftung des Bahnhofs beitragen sollten. Diese Funktion ist nach dem von der Bahn beim Eisenbahn-Bundesamt eingereichten Brandschutz- und Entrauchungskonzept entfallen. Stattdessen sollen im Brandfall vier Hochleistungsl\u00fcfer den Rauch aus dem \u201eTiefbahnhof\u201c Richtung Lichtaugen verdr\u00e4ngen. F\u00fcr die Genehmigung der Hochleistungsl\u00fcfer hatte die Bahn im Fr\u00fchsommer 2015 eine Plan\u00e4nderung beim Eisenbahn-Bundesamt beantragt.<\/p>\n<p>Sowohl die <a title=\"StZ berichtet \u00fcber geplantes Schwallbauwerk im Kernerviertel. Ingenieure 22 kritisieren L\u00e4rmgutachten zur Plan\u00e4nderung\" href=\"http:\/\/netzwerke-21.de\/?p=15275\" target=\"_blank\" rel=\"noopener noreferrer\">Ingenieure 22 <\/a> als auch das <a title=\"Neues Entrauchungskonzept beim Tiefbahnhof geplant. Netzwerk Kernerviertel hakt beim EBA wegen Plan\u00e4nderung Schwallbauwerk nach\" href=\"http:\/\/netzwerke-21.de\/?p=14909\" target=\"_blank\" rel=\"noopener noreferrer\">Netzwerk Kernerviertel<\/a> hatten Anfang des Jahres beim Eisenbahn-Bundesamt Einw\u00e4nde zur Funktionalit\u00e4t und dem vom Schwallbauwerk ausgehenden L\u00e4rms sowie das unzureichende schalltechnische Gutachten erhoben. Anscheinend nicht unberechtigt. Das Eisenbahn-Bundesamt forderte im Plan\u00e4nderungsverfahren weitere Gutachten an. <a href=\"https:\/\/www.eba.bund.de\/SharedDocs\/Downloads\/DE\/PF\/Beschluesse\/Baden_W\/51_S21_PFA_1.1_15PAE.pdf?__blob=publicationFile&amp;amp;v=2\">Der Genehmigungsbescheid des Eisenbahn-Bundesamtes zur 15.Plan\u00e4nderung ist mittlerweile online abrufbar.<\/a> Sobald die vom Bahn-Gutachter nachgereichten Gutachten ausgewertet sind, werden wir dar\u00fcber berichten.<\/p>\n<p>Erste Informationen enth\u00e4lt der Genehmigungsbescheid des EBAs. So schreibt die Stuttgarter Zeitung: &#8222;<em>Daran, dass die Anlage laut ist, wenn sie unter Volllast betrieben wird, l\u00e4sst auch das Eba keinen Zweifel. \u201eDie erforderliche Funktion der Ventilatoren, n\u00e4mlich die Entrauchung des Tunnels im Ereignisfall, ruft derart hohe Ger\u00e4uschemissionen hervor, dass nach dem Stand der Technik eine Einhaltung der Immissionsrichtwerte (.\u200a.\u200a.) mit verh\u00e4ltnism\u00e4\u00dfigem Aufwand nicht m\u00f6glich ist\u201c, hei\u00dft es in dem Beschluss. Zudem muss die Anlage aus Wartungsgr\u00fcnden regelm\u00e4\u00dfig angeworfen werden \u2013 etwa zehnmal im Jahr. Dabei werde aber nicht die volle Leistung abgerufen, so Bieger. Das passiere aber auf alle F\u00e4lle tags\u00fcber. \u201eDa geht das im Stra\u00dfenl\u00e4rm unter\u201c, sagt der Brandschutzbeauftragte. Nur einmal im Jahr werde die Anlage mit voller Leistung getestet \u2013 und das werde dann auch zu h\u00f6ren sein. Bieger sieht aber auch Vorteile f\u00fcrs Kernerviertel: \u201eDort kommt im Brandfall kein Rauch raus.\u201c<\/em><\/p>\n<p>Mit Genehmigung der 15.Plan\u00e4nderung f\u00fcr das Schallbauwerk ist zu rechnen, dass die eigentlichen Bauarbeiten am Baufeld 25 neben der gr\u00fcnen Schallschutzwand \/ S\u00e4ngerstra\u00dfe starten werden. Bislang sind lediglich die Verbaupf\u00e4hle gesetzt und die Grube gro\u00dfteils ausgehoben. <a href=\"http:\/\/netzwerke-21.de\/wordpress\/wp-content\/uploads\/Baufeld-25.jpg\" target=\"_blank\" rel=\"noopener noreferrer\">Nach dem zum Baustart des &#8222;Tiefbahnhofs&#8220; im August 2014 vorgestellten Zeitplan<\/a> sollten die Bauarbeiten f\u00fcr das Baufeld 25 eigentlich bereits im Juli 2016 abgeschlossen sein.<\/p>\n","protected":false},"excerpt":{"rendered":"<p>Die Stuttgarter Zeitung hat gestern im Vorfeld des am Montag stattfindenden Lenkungskreises zwei Artikel \u00fcber Stuttgart 21 ver\u00f6ffentlicht. Im ersten Artikel geht es\u00a0 um die bevorstehenden F\u00e4llung von sieben B\u00e4umen im\u00a0 besonders gesch\u00fctzten Rosensteinpark f\u00fcr den Bau der Neckarbr\u00fccke (hier). &hellip; <a href=\"https:\/\/netzwerke-21.de\/?p=20837\">Weiterlesen <span class=\"meta-nav\">&rarr;<\/span><\/a><\/p>\n","protected":false},"author":6,"featured_media":0,"comment_status":"closed","ping_status":"closed","sticky":false,"template":"","format":"standard","meta":{"footnotes":""},"categories":[69,31,37,21,13,79,73,34,58],"tags":[],"class_list":["post-20837","post","type-post","status-publish","format-standard","hentry","category-brandschutz","category-eisenbahn-bundesamt","category-entrauchungsbauwerke","category-kernerviertel","category-laerm","category-lenkungskreis","category-oekologie","category-planfeststellung","category-tiefbahnhof"],"_links":{"self":[{"href":"https:\/\/netzwerke-21.de\/index.php?rest_route=\/wp\/v2\/posts\/20837","targetHints":{"allow":["GET"]}}],"collection":[{"href":"https:\/\/netzwerke-21.de\/index.php?rest_route=\/wp\/v2\/posts"}],"about":[{"href":"https:\/\/netzwerke-21.de\/index.php?rest_route=\/wp\/v2\/types\/post"}],"author":[{"embeddable":true,"href":"https:\/\/netzwerke-21.de\/index.php?rest_route=\/wp\/v2\/users\/6"}],"replies":[{"embeddable":true,"href":"https:\/\/netzwerke-21.de\/index.php?rest_route=%2Fwp%2Fv2%2Fcomments&post=20837"}],"version-history":[{"count":23,"href":"https:\/\/netzwerke-21.de\/index.php?rest_route=\/wp\/v2\/posts\/20837\/revisions"}],"predecessor-version":[{"id":24672,"href":"https:\/\/netzwerke-21.de\/index.php?rest_route=\/wp\/v2\/posts\/20837\/revisions\/24672"}],"wp:attachment":[{"href":"https:\/\/netzwerke-21.de\/index.php?rest_route=%2Fwp%2Fv2%2Fmedia&parent=20837"}],"wp:term":[{"taxonomy":"category","embeddable":true,"href":"https:\/\/netzwerke-21.de\/index.php?rest_route=%2Fwp%2Fv2%2Fcategories&post=20837"},{"taxonomy":"post_tag","embeddable":true,"href":"https:\/\/netzwerke-21.de\/index.php?rest_route=%2Fwp%2Fv2%2Ftags&post=20837"}],"curies":[{"name":"wp","href":"https:\/\/api.w.org\/{rel}","templated":true}]}}