{"id":20684,"date":"2016-10-26T23:09:50","date_gmt":"2016-10-26T21:09:50","guid":{"rendered":"http:\/\/netzwerke-21.de\/?p=20684"},"modified":"2017-12-07T23:52:04","modified_gmt":"2017-12-07T21:52:04","slug":"erneute-umplanung-des-abstellbahnhofs-bahn-will-am-29-11-2016-in-untertuerkeim-informieren","status":"publish","type":"post","link":"https:\/\/netzwerke-21.de\/?p=20684","title":{"rendered":"Erneute Umplanung des Abstellbahnhofs. Bahn will am 29.11.2016 in Untert\u00fcrkheim informieren"},"content":{"rendered":"<p>Nachdem die Bahn ihre Pl\u00e4ne f\u00fcr den S21-Abstellbahnhof in Untert\u00fcrkheim zum dritten Mal seit 2006 komplett \u00fcberarbeitet hat, will sie diese am 29.11.2016 um 19 Uhr in der S\u00e4ngerhalle vorstellen. Die beiden Stuttgarter Zeitungen berichten heute (<a title=\"StZN: Neuer Anlauf f\u00fcr den Bau des Abstellbahnhofs\" href=\"http:\/\/www.stuttgarter-nachrichten.de\/inhalt.stuttgart-21-neuer-anlauf-fuer-den-bau-des-abstellbahnhofs.18768248-42eb-4b77-8bea-f7e772ce6218.html\" target=\"_blank\" rel=\"noopener noreferrer\">hier<\/a>) dar\u00fcber. Unter anderem soll <a title=\"StZ: S-21-Filderabschnitt- Jede Menge W\u00e4nde zum Schutz der B\u00fcrger \/ Was ist mit der L\u00e4rmschutzwand f\u00fcr Obert\u00fcrkheim?\" href=\"http:\/\/netzwerke-21.de\/?p=18316\" target=\"_blank\" rel=\"noopener noreferrer\">die urspr\u00fcnglich geplante L\u00e4rmschutzwand in Obert\u00fcrkheim <\/a>verkleinert werden.<\/p>\n<p>Laut Pressemitteilung der DB Projekt Stuttgart-Ulm GmbH (PSU) (<a title=\"PSU: Presseinformation Herausgeber: DB Projekt Stuttgart \u2013 Ulm GmbH R\u00e4pplenstra\u00dfe 17, 70191 Stuttgart, Deutschland Verantwortlich f\u00fcr den Inhalt: Leiter Kommunikation J\u00f6rg Hamann 0 5 4 \/2016 JH 1 \/ 1 J\u00f6rg Hamann Pressesprecher Bahnprojekt Stuttgart \u2013 Ulm Tel. +49 (0) 711 93319 - 111 Fax +49 (0) 711 93319 - 444 joerg.j.hamann @deutschebahn.com www.bahnprojekt - stuttgart - ulm.de\/presse S21 - Abstellbahnhof: \u00d6ffentlichkeitsbeteiligung vor Verfahrensbeginn\" href=\"http:\/\/www.bahnprojekt-stuttgart-ulm.de\/uploads\/tx_smedianews\/20161024_PI_OEffentlichkeitsbeteiligung_Abstellbahnhof_Untertuerkheim.pdf\" target=\"_blank\" rel=\"noopener noreferrer\">hier<\/a>) ist die Einladung an die B\u00fcrger von Untert\u00fcrkheim, Obert\u00fcrkheim und M\u00fcnster gerichtet, die vom neuen Konzept des Abstellbahnhofs betroffen sind. Auf der Veranstaltung soll \u00fcber Planungen und den Verfahrensablauf berichtet werden. So hei\u00dft es in der Pressemitteilung: &#8222;<em>Das Vorhaben \u201eAbstellbahnhof Untert\u00fcrkheim\u201c, welches offiziell als Planfeststellungsabschnitt 1.6b gef\u00fchrt wird, bezieht die Abstellanlagen in M\u00fcnster und Obert\u00fcrkheim mit ein. Zur Genehmigung der Abstellanlagen ist ein Planfeststellungsverfahren erforderlich. Dieses plant die DB Projekt Stuttgart\u2013Ulm GmbH, noch in diesem Jahr beim Eisenbahn-Bundesamt einzureichen.&#8220;<\/em><\/p>\n<p>Welche Auswirkung dieser versp\u00e4tete Start des noch nicht geplanten Abschnitts in Untert\u00fcrkheim haben wird, ist noch nicht abzusehen. Allein das Planfeststellungsverfahren mit einer Auslegung der Unterlagen und einer \u00f6ffentlichen Anh\u00f6rung erfordert Zeit. <a title=\"StZ: Bahn \u00e4ndert Plan bei Abstellbahnhof in Untert\u00fcrkheim. Bauzeit soll zur Einhaltung des Zeitplans halbiert werden\" href=\"http:\/\/netzwerke-21.de\/?p=15388\" target=\"_blank\" rel=\"noopener noreferrer\">Nach der Anwohnerveranstaltung im M\u00e4rz in Untert\u00fcrkheim berichteten wir den vorgestellten Zeitplan f\u00fcr das Genehmigungsverfahren Abstellbahnhof<\/a>: &#8222;<em>Gestern hatte Projektchef Manfred Leger auf der Anwohnerveranstaltung in Untert\u00fcrkheim erkl\u00e4rt, dass sie im Herbst 2016 neue \u00fcberarbeitete Pl\u00e4ne beim Eisenbahn-Bundesamt zur Erlangung einer Baugenehmigung einreichen werden. Eine \u00f6ffentliche Er\u00f6rterung erhoffen sie sich vor den Sommerferien 2017, eine Genehmigung ihrer Pl\u00e4ne dann im 2.Quartal 2018.&#8220;<br \/>\n<\/em><\/p>\n<p>Laut StZ-Bericht vom 2.M\u00e4rz 2016 (<a title=\"StZ: Abstellbahnhof: Bahn \u00e4ndert Plan\" href=\"http:\/\/www.stuttgarter-zeitung.de\/inhalt.stuttgart-21-abstellbahnhof-bahn-aendert-plan.164a5622-0c3d-471c-a489-88f1bca4b481.html\" target=\"_blank\" rel=\"noopener noreferrer\">hier<\/a>) ging die Bahn von mehr als einer Halbierung der Vergabe-\/Bauzeit beim Abstellbahnhof in Untert\u00fcrkheim von 4,25\u00a0 auf 2 Jahre aus. Angesichts der h\u00e4ufig beschworenen &#8222;Oprtimierungspotentiale&#8220; bei Stuttgart 21 ist Skepsis angesagt. Dies best\u00e4tigt der Zeitplan der letzten Lenkungskreisunterlage. Danach sollen die Rohbauarbeiten f\u00fcr den Abstellbahnhof bereits optimistisch Mitte Juli 2017 starten und bis Ende 2020 gehen.<\/p>\n<p>Im letzten Lenkungskreis stellte die Bahn auch den Projektpartnern Stadt und Land das neue Konzept namens &#8222;Interregiokurve&#8220; kurz vor. Nach Aussage der beiden Lenkungskreis-Folien (<a href=\"http:\/\/netzwerke-21.de\/wordpress\/wp-content\/uploads\/201606-PFA-1.6.b.-UT.jpg\" target=\"_blank\" rel=\"noopener noreferrer\">Folie 1<\/a>\/ <a href=\"http:\/\/netzwerke-21.de\/wordpress\/wp-content\/uploads\/201606-PFA-1.6.b.-UT-2.jpg\" target=\"_blank\" rel=\"noopener noreferrer\">Folie2<\/a>) soll sich bei dieser neuen Planung explizit die L\u00e4rmbelastung f\u00fcr die Anwohner verbesseren. In das Konzept integriert ist die Nutzung eines 2007 genehmigten \u00dcberwerfungsbauwerkes aus dem PFA 1.6a, f\u00fcr das die Bahn eine Plan\u00e4nderung einreichen will.<\/p>\n","protected":false},"excerpt":{"rendered":"<p>Nachdem die Bahn ihre Pl\u00e4ne f\u00fcr den S21-Abstellbahnhof in Untert\u00fcrkheim zum dritten Mal seit 2006 komplett \u00fcberarbeitet hat, will sie diese am 29.11.2016 um 19 Uhr in der S\u00e4ngerhalle vorstellen. Die beiden Stuttgarter Zeitungen berichten heute (hier) dar\u00fcber. Unter anderem &hellip; <a href=\"https:\/\/netzwerke-21.de\/?p=20684\">Weiterlesen <span class=\"meta-nav\">&rarr;<\/span><\/a><\/p>\n","protected":false},"author":6,"featured_media":0,"comment_status":"closed","ping_status":"closed","sticky":false,"template":"","format":"standard","meta":{"footnotes":""},"categories":[83,13,51,25,34,22,10],"tags":[],"class_list":["post-20684","post","type-post","status-publish","format-standard","hentry","category-anwohnerveranstaltung","category-laerm","category-muenster","category-obertuerkheim","category-planfeststellung","category-untertuerkheim","category-veranstaltungen"],"_links":{"self":[{"href":"https:\/\/netzwerke-21.de\/index.php?rest_route=\/wp\/v2\/posts\/20684","targetHints":{"allow":["GET"]}}],"collection":[{"href":"https:\/\/netzwerke-21.de\/index.php?rest_route=\/wp\/v2\/posts"}],"about":[{"href":"https:\/\/netzwerke-21.de\/index.php?rest_route=\/wp\/v2\/types\/post"}],"author":[{"embeddable":true,"href":"https:\/\/netzwerke-21.de\/index.php?rest_route=\/wp\/v2\/users\/6"}],"replies":[{"embeddable":true,"href":"https:\/\/netzwerke-21.de\/index.php?rest_route=%2Fwp%2Fv2%2Fcomments&post=20684"}],"version-history":[{"count":15,"href":"https:\/\/netzwerke-21.de\/index.php?rest_route=\/wp\/v2\/posts\/20684\/revisions"}],"predecessor-version":[{"id":26542,"href":"https:\/\/netzwerke-21.de\/index.php?rest_route=\/wp\/v2\/posts\/20684\/revisions\/26542"}],"wp:attachment":[{"href":"https:\/\/netzwerke-21.de\/index.php?rest_route=%2Fwp%2Fv2%2Fmedia&parent=20684"}],"wp:term":[{"taxonomy":"category","embeddable":true,"href":"https:\/\/netzwerke-21.de\/index.php?rest_route=%2Fwp%2Fv2%2Fcategories&post=20684"},{"taxonomy":"post_tag","embeddable":true,"href":"https:\/\/netzwerke-21.de\/index.php?rest_route=%2Fwp%2Fv2%2Ftags&post=20684"}],"curies":[{"name":"wp","href":"https:\/\/api.w.org\/{rel}","templated":true}]}}