{"id":20678,"date":"2016-10-26T22:22:59","date_gmt":"2016-10-26T20:22:59","guid":{"rendered":"http:\/\/netzwerke-21.de\/?p=20678"},"modified":"2017-01-30T23:31:30","modified_gmt":"2017-01-30T21:31:30","slug":"berichterstattung-zur-oeffentlichen-sitzung-des-s21-ausschusses-im-rathaus","status":"publish","type":"post","link":"https:\/\/netzwerke-21.de\/?p=20678","title":{"rendered":"Berichterstattung zur Sondersitzung des S21-Ausschusses im Rathaus \u00fcber die Leistungsf\u00e4higkeit"},"content":{"rendered":"<ul>\n<li>StZN:<a href=\"http:\/\/www.stuttgarter-nachrichten.de\/inhalt.bahnprojekt-ob-kuhn-verteidigt-s-21-kein-rueckbau.8cc8b1ad-a5dd-4b5f-82d2-6d4658116303.html\" target=\"_blank\"> OB Kuhn verteidigt S 21: Kein R\u00fcckbau<\/a><\/li>\n<li>StNZ:<a href=\"http:\/\/www.stuttgarter-nachrichten.de\/inhalt.unnoetiger-aerger-um-stuttgart-21-gemeinsam-fuer-nachbesserungen-kaempfen.f09a1132-097a-40fd-bba5-1afc5d4ed556.html\" target=\"_blank\"> Gemeinsam f\u00fcr Nachbesserungen k\u00e4mpfen<\/a><\/li>\n<li>SWR:<a href=\"http:\/\/www.swr.de\/landesschau-aktuell\/bw\/stuttgart\/stuttgart-stuttgart21-tiefbahnhof-gemeinderat-ausschuss-debatte\/-\/id=1592\/did=18371244\/nid=1592\/1f894fg\/index.html\" target=\"_blank\"> Stundenlanger &#8222;Faktencheck&#8220; im Rathaus<\/a><\/li>\n<li><strong>SWR:<a href=\"http:\/\/swrmediathek.de\/player.htm?show=b01833d0-9bb9-11e6-8e1e-005056a12b4c\" target=\"_blank\"> Landesschau \/ Harald Kirchner kommentiert die Ausschusssitzung<\/a><\/strong><\/li>\n<li>Schaeferweltweit:<a href=\"http:\/\/www.schaeferweltweit.de\/gemeinderat-tagt-zu-stuttgart-21\/\" target=\"_blank\"> Gemeinderat tagt zu Stuttgart 21 (mit verlinkten Folien !) <\/a><\/li>\n<li>Regio-TV:<a href=\"http:\/\/www.regio-tv.de\/video\/439007\" target=\"_blank\"> Unruhe beim S21-Ausschuss<\/a><\/li>\n<\/ul>\n<p><strong>Update \/ Kritische Kommentare zur Sitzung:<\/strong><\/p>\n<ul>\n<li><a title=\"SWW\" href=\"http:\/\/www.schaeferweltweit.de\/file\/stuttgart21\/mode_archiv\/mode_0344_16-10-31_rede-von-dr-christoph-engelhardt.pdf\" target=\"_blank\">Rede von Dr. Christoph Engelhardt an der 344. Montagsdemo zur Sondersitzung Ausschuss Stuttgart 21 <\/a><\/li>\n<li>Radio Dreyeckland:<a href=\"https:\/\/rdl.de\/beitrag\/stuttgart-21-besprechung-ohne-diskussion\" target=\"_blank\"> Stuttgart 21 Besprechung ohne Diskussion<\/a><\/li>\n<li>Facebook:<a href=\"https:\/\/www.facebook.com\/hannes.rockenbauch\/videos\/1256438961086045\/\" target=\"_blank\"> Videostatement von S\u00d6S-Stadtrat Hannes Rockenbauch<\/a><\/li>\n<li>StN Kolumne Joe Bauer:<a href=\"http:\/\/www.flaneursalon.de\/de\/depeschen.php?sel=20161029\" target=\"_blank\"> VON F\u00dcCHSEN UND MENSCHEN<\/a><\/li>\n<li>Parksch\u00fctzerforum:<a href=\"http:\/\/www.parkschuetzer.de\/statements\/193345\" target=\"_blank\"> Textausz\u00fcge aus der SWR-Berichterstattung <\/a><\/li>\n<\/ul>\n","protected":false},"excerpt":{"rendered":"<p>StZN: OB Kuhn verteidigt S 21: Kein R\u00fcckbau StNZ: Gemeinsam f\u00fcr Nachbesserungen k\u00e4mpfen SWR: Stundenlanger &#8222;Faktencheck&#8220; im Rathaus SWR: Landesschau \/ Harald Kirchner kommentiert die Ausschusssitzung Schaeferweltweit: Gemeinderat tagt zu Stuttgart 21 (mit verlinkten Folien !) Regio-TV: Unruhe beim S21-Ausschuss &hellip; <a href=\"https:\/\/netzwerke-21.de\/?p=20678\">Weiterlesen <span class=\"meta-nav\">&rarr;<\/span><\/a><\/p>\n","protected":false},"author":6,"featured_media":0,"comment_status":"closed","ping_status":"closed","sticky":false,"template":"","format":"standard","meta":{"footnotes":""},"categories":[1,63,11,26,58,10],"tags":[],"class_list":["post-20678","post","type-post","status-publish","format-standard","hentry","category-allgemein","category-leistungsfaehigkeit","category-ssb","category-stadt-stuttgart","category-tiefbahnhof","category-veranstaltungen"],"_links":{"self":[{"href":"https:\/\/netzwerke-21.de\/index.php?rest_route=\/wp\/v2\/posts\/20678","targetHints":{"allow":["GET"]}}],"collection":[{"href":"https:\/\/netzwerke-21.de\/index.php?rest_route=\/wp\/v2\/posts"}],"about":[{"href":"https:\/\/netzwerke-21.de\/index.php?rest_route=\/wp\/v2\/types\/post"}],"author":[{"embeddable":true,"href":"https:\/\/netzwerke-21.de\/index.php?rest_route=\/wp\/v2\/users\/6"}],"replies":[{"embeddable":true,"href":"https:\/\/netzwerke-21.de\/index.php?rest_route=%2Fwp%2Fv2%2Fcomments&post=20678"}],"version-history":[{"count":13,"href":"https:\/\/netzwerke-21.de\/index.php?rest_route=\/wp\/v2\/posts\/20678\/revisions"}],"predecessor-version":[{"id":22043,"href":"https:\/\/netzwerke-21.de\/index.php?rest_route=\/wp\/v2\/posts\/20678\/revisions\/22043"}],"wp:attachment":[{"href":"https:\/\/netzwerke-21.de\/index.php?rest_route=%2Fwp%2Fv2%2Fmedia&parent=20678"}],"wp:term":[{"taxonomy":"category","embeddable":true,"href":"https:\/\/netzwerke-21.de\/index.php?rest_route=%2Fwp%2Fv2%2Fcategories&post=20678"},{"taxonomy":"post_tag","embeddable":true,"href":"https:\/\/netzwerke-21.de\/index.php?rest_route=%2Fwp%2Fv2%2Ftags&post=20678"}],"curies":[{"name":"wp","href":"https:\/\/api.w.org\/{rel}","templated":true}]}}