{"id":20642,"date":"2016-10-24T21:31:00","date_gmt":"2016-10-24T19:31:00","guid":{"rendered":"http:\/\/netzwerke-21.de\/?p=20642"},"modified":"2016-10-26T08:00:03","modified_gmt":"2016-10-26T06:00:03","slug":"stz-hilferuf-aus-dem-kernerviertel","status":"publish","type":"post","link":"https:\/\/netzwerke-21.de\/?p=20642","title":{"rendered":"StZN: Hilferuf aus dem Kernerviertel"},"content":{"rendered":"<p>Letzten Mittwoch berichteten die beiden Stuttgarter Zeitungen in ihrer Innenstadtbeilage \u00fcber die <a title=\"Bezirksbeirat Mitte l\u00e4sst sich \u00fcber Staub und L\u00e4rm bei Stuttgart 21-Bauarbeiten informieren\" href=\"http:\/\/netzwerke-21.de\/?p=20535\" target=\"_blank\">Sitzung des Bezirksbeirates Mitte, in der Vertreter des Netzwerks Kernerviertel \u00fcber die Staub- und L\u00e4rmbelastung der Anwohner durch die Stuttgart 21-Baustellen berichten konnten<\/a>.<\/p>\n<p>Der Artikel &#8222;Hilferuf aus dem Kernerviertel&#8220; ist bislang nicht online ver\u00f6ffentlicht. Sie\u00a0 k\u00f6nnen Sie ihn jedoch <a title=\"StZN: Hilferuf aus dem Kernerviertel\" href=\"http:\/\/netzwerke-21.de\/wordpress\/wp-content\/uploads\/Seite-2-HIER_S-1-STZ-S-16-10-19-MITT_H-1-HIER_S-1.pdf\" target=\"_blank\"><strong>hier<\/strong><\/a>\u00a0 schon einmal als pdf lesen. Es ist auch erfreulich, dass Bezirksbeir\u00e4te die Arbeit des Netzwerks unterst\u00fctzen. Ein Zitat aus dem Artikel:<\/p>\n<p><em>&#8222;F\u00fcr den Bezirksbeirat ist damit das Ma\u00df voll. \u201eWir stehen voll hinter ihnen\u201c, sagte Matthias Vincon (SPD), \u201ewir freuen uns, wenn Licht in diesen Dunst kommt. Wenn<\/em><br \/>\n<em> hier keine Transparenz herrscht, ist das h\u00f6chst problematisch.\u201c Bezirksvorsteherin<\/em><br \/>\n<em> Veronika Kienzle bekr\u00e4ftigte die Kritik und will nun, dass das Gesundheitsamt die Be\u00ad<\/em><br \/>\n<em> lastung f\u00fcr die B\u00fcrger \u00fcberpr\u00fcft. Auch Kienzle erwartet von der Bahn Transpa\u00ad<\/em><br \/>\n<em> renz \u2013 und zwar nicht erst am 21. M\u00e4rz 2017. Auch hier hat die Bahn reagiert und<\/em><br \/>\n<em> verspricht ein Treffen\u00a0 [Anm:mit dem Netzwerk] im November<\/em>.&#8220;<\/p>\n","protected":false},"excerpt":{"rendered":"<p>Letzten Mittwoch berichteten die beiden Stuttgarter Zeitungen in ihrer Innenstadtbeilage \u00fcber die Sitzung des Bezirksbeirates Mitte, in der Vertreter des Netzwerks Kernerviertel \u00fcber die Staub- und L\u00e4rmbelastung der Anwohner durch die Stuttgart 21-Baustellen berichten konnten. Der Artikel &#8222;Hilferuf aus dem &hellip; <a href=\"https:\/\/netzwerke-21.de\/?p=20642\">Weiterlesen <span class=\"meta-nav\">&rarr;<\/span><\/a><\/p>\n","protected":false},"author":6,"featured_media":0,"comment_status":"closed","ping_status":"closed","sticky":false,"template":"","format":"standard","meta":{"footnotes":""},"categories":[21,13,42,26],"tags":[],"class_list":["post-20642","post","type-post","status-publish","format-standard","hentry","category-kernerviertel","category-laerm","category-luftschadstoffe-feinstaub","category-stadt-stuttgart"],"_links":{"self":[{"href":"https:\/\/netzwerke-21.de\/index.php?rest_route=\/wp\/v2\/posts\/20642","targetHints":{"allow":["GET"]}}],"collection":[{"href":"https:\/\/netzwerke-21.de\/index.php?rest_route=\/wp\/v2\/posts"}],"about":[{"href":"https:\/\/netzwerke-21.de\/index.php?rest_route=\/wp\/v2\/types\/post"}],"author":[{"embeddable":true,"href":"https:\/\/netzwerke-21.de\/index.php?rest_route=\/wp\/v2\/users\/6"}],"replies":[{"embeddable":true,"href":"https:\/\/netzwerke-21.de\/index.php?rest_route=%2Fwp%2Fv2%2Fcomments&post=20642"}],"version-history":[{"count":10,"href":"https:\/\/netzwerke-21.de\/index.php?rest_route=\/wp\/v2\/posts\/20642\/revisions"}],"predecessor-version":[{"id":20677,"href":"https:\/\/netzwerke-21.de\/index.php?rest_route=\/wp\/v2\/posts\/20642\/revisions\/20677"}],"wp:attachment":[{"href":"https:\/\/netzwerke-21.de\/index.php?rest_route=%2Fwp%2Fv2%2Fmedia&parent=20642"}],"wp:term":[{"taxonomy":"category","embeddable":true,"href":"https:\/\/netzwerke-21.de\/index.php?rest_route=%2Fwp%2Fv2%2Fcategories&post=20642"},{"taxonomy":"post_tag","embeddable":true,"href":"https:\/\/netzwerke-21.de\/index.php?rest_route=%2Fwp%2Fv2%2Ftags&post=20642"}],"curies":[{"name":"wp","href":"https:\/\/api.w.org\/{rel}","templated":true}]}}