{"id":20608,"date":"2016-10-19T23:43:59","date_gmt":"2016-10-19T21:43:59","guid":{"rendered":"http:\/\/netzwerke-21.de\/?p=20608"},"modified":"2016-10-19T23:43:59","modified_gmt":"2016-10-19T21:43:59","slug":"kontext-mit-angezogener-handbremse","status":"publish","type":"post","link":"https:\/\/netzwerke-21.de\/?p=20608","title":{"rendered":"Kontext: Mit angezogener Handbremse"},"content":{"rendered":"<p><a title=\"Kontext: Mit angezogener Handbremse\" href=\"http:\/\/www.kontextwochenzeitung.de\/politik\/290\/mit-angezogener-handbremse-3938.html\" target=\"_blank\">Kontext: Mit angezogener Handbremse:<\/a> &#8220; <em>Im Stuttgarter Rathaus wird nach langer Zeit wieder ausf\u00fchrlich \u00fcber das Tiefbahnhofprojekt Stuttgart 21 gesprochen. Doch die Sondersitzungen des Gemeinderats sollen nicht zum Faktencheck \u00e0 la Gei\u00dfler-Schlichtung im Herbst 2010 ausarten, bremst die gr\u00fcn dominierte Stadtspitze.&#8220;<\/em><\/p>\n","protected":false},"excerpt":{"rendered":"<p>Kontext: Mit angezogener Handbremse: &#8220; Im Stuttgarter Rathaus wird nach langer Zeit wieder ausf\u00fchrlich \u00fcber das Tiefbahnhofprojekt Stuttgart 21 gesprochen. Doch die Sondersitzungen des Gemeinderats sollen nicht zum Faktencheck \u00e0 la Gei\u00dfler-Schlichtung im Herbst 2010 ausarten, bremst die gr\u00fcn dominierte &hellip; <a href=\"https:\/\/netzwerke-21.de\/?p=20608\">Weiterlesen <span class=\"meta-nav\">&rarr;<\/span><\/a><\/p>\n","protected":false},"author":6,"featured_media":0,"comment_status":"closed","ping_status":"closed","sticky":false,"template":"","format":"standard","meta":{"footnotes":""},"categories":[1,69,26],"tags":[],"class_list":["post-20608","post","type-post","status-publish","format-standard","hentry","category-allgemein","category-brandschutz","category-stadt-stuttgart"],"_links":{"self":[{"href":"https:\/\/netzwerke-21.de\/index.php?rest_route=\/wp\/v2\/posts\/20608","targetHints":{"allow":["GET"]}}],"collection":[{"href":"https:\/\/netzwerke-21.de\/index.php?rest_route=\/wp\/v2\/posts"}],"about":[{"href":"https:\/\/netzwerke-21.de\/index.php?rest_route=\/wp\/v2\/types\/post"}],"author":[{"embeddable":true,"href":"https:\/\/netzwerke-21.de\/index.php?rest_route=\/wp\/v2\/users\/6"}],"replies":[{"embeddable":true,"href":"https:\/\/netzwerke-21.de\/index.php?rest_route=%2Fwp%2Fv2%2Fcomments&post=20608"}],"version-history":[{"count":1,"href":"https:\/\/netzwerke-21.de\/index.php?rest_route=\/wp\/v2\/posts\/20608\/revisions"}],"predecessor-version":[{"id":20609,"href":"https:\/\/netzwerke-21.de\/index.php?rest_route=\/wp\/v2\/posts\/20608\/revisions\/20609"}],"wp:attachment":[{"href":"https:\/\/netzwerke-21.de\/index.php?rest_route=%2Fwp%2Fv2%2Fmedia&parent=20608"}],"wp:term":[{"taxonomy":"category","embeddable":true,"href":"https:\/\/netzwerke-21.de\/index.php?rest_route=%2Fwp%2Fv2%2Fcategories&post=20608"},{"taxonomy":"post_tag","embeddable":true,"href":"https:\/\/netzwerke-21.de\/index.php?rest_route=%2Fwp%2Fv2%2Ftags&post=20608"}],"curies":[{"name":"wp","href":"https:\/\/api.w.org\/{rel}","templated":true}]}}