{"id":20486,"date":"2016-10-13T21:41:48","date_gmt":"2016-10-13T19:41:48","guid":{"rendered":"http:\/\/netzwerke-21.de\/?p=20486"},"modified":"2017-12-27T01:27:47","modified_gmt":"2017-12-26T23:27:47","slug":"nach-der-aufsichtsratssitzung-der-db-ag-ueber-stuttgart-21","status":"publish","type":"post","link":"https:\/\/netzwerke-21.de\/?p=20486","title":{"rendered":"Bahn h\u00e4lt trotz des Zeitverzugs von zwei Jahren am Zeitplan von Stuttgart 21 zum Dezember 2021 fest"},"content":{"rendered":"<p>Nach einer Pressemitteilung der DB AG (<a title=\"DB AG: Gutachten Stuttgart 21 im Wesentlichen best\u00e4tigt\" href=\"http:\/\/www.deutschebahn.com\/de\/presse\/pressestart_zentrales_uebersicht\/12496638\/h20161013.html?start=0&amp;itemsPerPage=10\" target=\"_blank\" rel=\"noopener noreferrer\">hier<\/a>) sind auf der Sondersitzung des Aufsichtsrats zu Stuttgart 21 bei &#8222;<em>der \u00dcberpr\u00fcfung der aktuellen Termin- und Kostensituation [&#8230;] die bisherigen Feststellungen des DB-Vorstandes bez\u00fcglich Stuttgart 21 im Wesentlichen best\u00e4tigt worden. <\/em>Die Bahn h\u00e4lt weiterhin am Zeitplan f\u00fcr Stuttgart 21 zum Dezember 2021 fest. Allerdings wurde nach Informationen der StZ (<a title=\"StZ: S\u200921: Bahnspitze h\u00e4lt an Fertigstellung 2021 fest\" href=\"http:\/\/www.stuttgarter-zeitung.de\/inhalt.stuttgart-21-s-21-bahnspitze-haelt-an-fertigstellung-2021-fest.5b30791f-1a85-4faf-85c4-94f0dcf3cc08.html\" target=\"_blank\" rel=\"noopener noreferrer\">hier) <\/a>&#8222;<em>die Beratung wesentlicher Punkte allerdings auf die ordentliche Sitzung am 14. Dezember vertagt. Bis dahin sollen die Ergebnisse des Auftragsgutachtens mit den Feststellungen des Bundesrechnungshofs verglichen werden, der die Entwicklung von S\u200921 weit kritischer sieht.&#8220; <\/em>Das Aktionsb\u00fcndnis sieht in dieser erneuten Behandlung einen<em> <a title=\"PS: Pressemitteilung des Aktionsb\u00fcndnisses gegen Stuttgart 21 Stuttgart, 13. Oktober 2016\" href=\"http:\/\/www.parkschuetzer.de\/blog\/838\" target=\"_blank\" rel=\"noopener noreferrer\">\u201ewichtigen Teilerfolg\u201c<\/a>. <\/em><\/p>\n<p>Dabei halten es nicht einmal die vom Aufsichtsrat beauftragten Wirtschaftspr\u00fcfer f\u00fcr realistisch, dass in einer f\u00fcnf- bzw. eigentlich nur vierj\u00e4hrigen Bauzeit (2017-2020; 2021 war nach den Pl\u00e4nen ein einj\u00e4hriger Testbetrieb vorgesehen) eine Zeitverz\u00f6gerung von zwei Jahren eingeholt werden kann.\u00a0 Von 2023 oder gar 2024 als Inbetriebnahmetermin ist in dem Gutachten nach Informationen der S\u00fcddeutschen Zeitung die Rede. Und der Bahnvorstand hatte im Juni einen erheblichen Zeitverzug einr\u00e4umen m\u00fcssen. So hie\u00df es damals in der StZ (<a title=\"StZ: Bahn ger\u00e4t bei S21 in extreme Zeitnot\" href=\"http:\/\/www.stuttgarter-zeitung.de\/inhalt.stuttgart-21-kefer-muss-vor-aufsichtsrat-probleme-offenbaren.a22e09b2-9f8d-4743-b2c8-e4f6aea2cec3.html\" target=\"_blank\" rel=\"noopener noreferrer\">hier<\/a>)<\/p>\n<p>&#8222;<em>Der Bahn-Infrastrukturvorstand Volker Kefer will dem DB-Aufsichtsrat am 15. Juni \u201eterminliche Probleme\u201c bei Stuttgart 21 erl\u00e4utern und m\u00f6gliche L\u00f6sungen aufzeigen. Ohne entsprechende Gegensteuerung k\u00f6nne der anvisierte Termin der Inbetriebnahme zum Fahrplanwechsel Ende 2021 nicht gehalten werden.&#8220;<\/em><\/p>\n<p>Wir haben jetzt Oktober. Bis heute hat die Bahn ihre geplanten Gegensteuerungsma\u00dfnahmen, u.a. eine Ausweitung der t\u00e4glichen Bauzeiten, nicht vorgestellt, f\u00fcr die sie von den Projektpartnern und den Genehmigungsbeh\u00f6rden &#8222;mehr Freiheit&#8220; fordert.\u00a0 Man fragt sich, wie lange sich der Aufsichtsrat, die Projektpartner und die (steuerzahlende) \u00d6ffentlichkeit mit dem Mantra einer Inbetriebnahme Dezember 2021 noch an der Nase herumf\u00fchren lassen. Kein einziger Zeitplan bei Stuttgart 21, den die Bahn den Projektpartnern oder den Anwohnern pr\u00e4sentiert hatte, wurde bislang eingehalten.<\/p>\n<p>Hans-J\u00f6rg J\u00e4kel hatte dies als\u00a0 in seiner <a title=\"Stuttgart 21: Grubenm\u00e4rchen und Geschenke. Rede von Dr.-Ing. Hans-J\u00f6rg J\u00e4kel, Ingenieure22, auf der 341. Montagsdemo am 10.10.2016\" href=\"http:\/\/netzwerke-21.de\/?p=20443\" target=\"_blank\" rel=\"noopener noreferrer\">Rede an der letzten Montagsdemo<\/a> als &#8222;Grubenm\u00e4rchen&#8220; bezeichnet:<\/p>\n<p><em>&#8222;Am 16. September hat Bahnchef Dr. Grube in der Grube von Baufeld 16 mal wieder M\u00e4rchen erz\u00e4hlt. Er hat sich nicht gesch\u00e4mt, erneut den v\u00f6llig illusorischen Fertigstellungstermin 2021 zu nennen, an dem nach seiner Rede die ersten Z\u00fcge fahren sollen. Vom Projektleiter des Bahnhofs wird zwar auch eine Fertigstellung 2021 genannt, um den Druck auf die Baufirmen hoch zu halten. Aber, um nicht ganz unglaubw\u00fcrdig zu sein, wird noch erg\u00e4nzt, dass dazu 2 Jahre \u201eGegensteuerungsbedarf\u201c bestehen. Fragt man dann, welche Ma\u00dfnahmen f\u00fcr 2 Jahre Gegensteuerung ergriffen werden sollen, bleibt die <\/em><em>Antwort aus.&#8220;<\/em><\/p>\n<p>Wir haben immer wieder \u00fcber die gegen\u00fcber den kommunizierten Zeitpl\u00e4nen eingetretenen oder absehbaren Zeitverz\u00f6gerungen bei Stuttgart 21 berichtet und m\u00f6chten in diesem Zusammenhang auf unsere letzten Beitr\u00e4ge hinweisen:<\/p>\n<ul>\n<li><a title=\"Stuttgart 21: Grubenm\u00e4rchen und Geschenke. Rede von Dr.-Ing. Ha\" href=\"http:\/\/netzwerke-21.de\/?p=20443\" target=\"_blank\" rel=\"noopener noreferrer\">Stuttgart 21: Grubenm\u00e4rchen und Geschenke. Rede von Dr.-Ing. Hans-J\u00f6rg J\u00e4kel, Ingenieure22, auf der 341. Montagsdemo am 10.10.2016<\/a><\/li>\n<li><a title=\"Von kaputten Schneideradantrieben und anderen Schwierigkeiten beim Bau des Fildertunnels\" href=\"http:\/\/netzwerke-21.de\/?p=20419\" target=\"_blank\" rel=\"noopener noreferrer\">Von kaputten Schneideradantrieben und anderen Schwierigkeiten beim Bau des Fildertunnels<\/a><\/li>\n<li><a title=\"Zum Baufortschritt beim Tunnelbau f\u00fcr Stuttgart 21 Ende September 2016: Ein Drittel der Tunnelstrecke f\u00fcr Stuttgart 21 vorgetrieben. Suse legt eine \u201ePause\u201c ein\" href=\"http:\/\/netzwerke-21.de\/?p=20258\" target=\"_blank\" rel=\"noopener noreferrer\">Zum Baufortschritt beim Tunnelbau f\u00fcr Stuttgart 21 Ende September 2016: Ein Drittel der Tunnelstrecke f\u00fcr Stuttgart 21 vorgetrieben. Suse legt eine \u201ePause\u201c ein<\/a><\/li>\n<li><a href=\"http:\/\/netzwerke-21.de\/?p=19970\" target=\"_blank\" rel=\"noopener noreferrer\">\u201e\u2026und immer wieder die Bodenplatte des Stuttgarter Halb-Tief \u2013 Schr\u00e4g -Haltepunktes!\u201c Rede von Wolfgang Kuebart, Ingenieure 22, auf der 338. Montagsdemo<\/a><\/li>\n<li><a href=\"http:\/\/netzwerke-21.de\/?p=19654\" target=\"_blank\" rel=\"noopener noreferrer\">Zum Vortriebsstand August 2016: erstmals 1.000-Meter-Marke \u00fcberschritten. Noch 41 Kilometer m\u00fcssen f\u00fcr Stuttgart 21 vorgetrieben werden<\/a><\/li>\n<li><a href=\"http:\/\/netzwerke-21.de\/?p=19404\" target=\"_blank\" rel=\"noopener noreferrer\">StN: \u201eS 21 bleibt im Finanzierungsrahmen\u201c \/ \u00dcber \u201eErfolgsgeschichten\u201c und Baurealit\u00e4t bei Stuttgart 21 <\/a><\/li>\n<li><a href=\"http:\/\/netzwerke-21.de\/?p=19545\" target=\"_blank\" rel=\"noopener noreferrer\">Zum aktuellen Baustand, den Plan\u00e4nderungen und den Nachtr\u00e4gen zwei Jahre nach Baubeginn des Tiefbahnhofs<\/a><\/li>\n<li><a href=\"http:\/\/netzwerke-21.de\/?p=18653\" target=\"_blank\" rel=\"noopener noreferrer\">Wie belastbar sind die Zeitpl\u00e4ne f\u00fcr Stuttgart 21 in der Lenkungskreisunterlage der Bahn?<\/a><\/li>\n<li><a href=\"http:\/\/netzwerke-21.de\/?p=18095\" target=\"_blank\" rel=\"noopener noreferrer\">Ein Trauerspiel. Zum aktuellen Baustand rund um den geplanten Tiefbahnhof mit Luftbildern von Manfred Grohe<\/a><\/li>\n<li><a href=\"http:\/\/netzwerke-21.de\/?p=17378\" target=\"_blank\" rel=\"noopener noreferrer\">Bahn-Unterlage f\u00fcr den Aufsichtsrat weist massive Termin- und Kostenprobleme f\u00fcr S 21 auf. Bahn will u.a. mit Ausweitung der Bauzeiten gegensteuern<\/a><\/li>\n<li><a href=\"http:\/\/netzwerke-21.de\/?p=16428\" target=\"_blank\" rel=\"noopener noreferrer\">StZ: Offener Streit \u00fcber den Kostendeckel \/ Bauverz\u00f6gerungen bei Stuttgart 21 absehbar<\/a><\/li>\n<\/ul>\n","protected":false},"excerpt":{"rendered":"<p>Nach einer Pressemitteilung der DB AG (hier) sind auf der Sondersitzung des Aufsichtsrats zu Stuttgart 21 bei &#8222;der \u00dcberpr\u00fcfung der aktuellen Termin- und Kostensituation [&#8230;] die bisherigen Feststellungen des DB-Vorstandes bez\u00fcglich Stuttgart 21 im Wesentlichen best\u00e4tigt worden. Die Bahn h\u00e4lt &hellip; <a href=\"https:\/\/netzwerke-21.de\/?p=20486\">Weiterlesen <span class=\"meta-nav\">&rarr;<\/span><\/a><\/p>\n","protected":false},"author":6,"featured_media":0,"comment_status":"closed","ping_status":"closed","sticky":false,"template":"","format":"standard","meta":{"footnotes":""},"categories":[1,71,78,85,59,53],"tags":[],"class_list":["post-20486","post","type-post","status-publish","format-standard","hentry","category-allgemein","category-baufortschritt","category-bundesrechnungshof","category-ingenieure22","category-kosten","category-zeitplan"],"_links":{"self":[{"href":"https:\/\/netzwerke-21.de\/index.php?rest_route=\/wp\/v2\/posts\/20486","targetHints":{"allow":["GET"]}}],"collection":[{"href":"https:\/\/netzwerke-21.de\/index.php?rest_route=\/wp\/v2\/posts"}],"about":[{"href":"https:\/\/netzwerke-21.de\/index.php?rest_route=\/wp\/v2\/types\/post"}],"author":[{"embeddable":true,"href":"https:\/\/netzwerke-21.de\/index.php?rest_route=\/wp\/v2\/users\/6"}],"replies":[{"embeddable":true,"href":"https:\/\/netzwerke-21.de\/index.php?rest_route=%2Fwp%2Fv2%2Fcomments&post=20486"}],"version-history":[{"count":22,"href":"https:\/\/netzwerke-21.de\/index.php?rest_route=\/wp\/v2\/posts\/20486\/revisions"}],"predecessor-version":[{"id":26933,"href":"https:\/\/netzwerke-21.de\/index.php?rest_route=\/wp\/v2\/posts\/20486\/revisions\/26933"}],"wp:attachment":[{"href":"https:\/\/netzwerke-21.de\/index.php?rest_route=%2Fwp%2Fv2%2Fmedia&parent=20486"}],"wp:term":[{"taxonomy":"category","embeddable":true,"href":"https:\/\/netzwerke-21.de\/index.php?rest_route=%2Fwp%2Fv2%2Fcategories&post=20486"},{"taxonomy":"post_tag","embeddable":true,"href":"https:\/\/netzwerke-21.de\/index.php?rest_route=%2Fwp%2Fv2%2Ftags&post=20486"}],"curies":[{"name":"wp","href":"https:\/\/api.w.org\/{rel}","templated":true}]}}