{"id":19350,"date":"2016-07-28T20:07:29","date_gmt":"2016-07-28T18:07:29","guid":{"rendered":"http:\/\/netzwerke-21.de\/?p=19350"},"modified":"2016-07-28T21:47:36","modified_gmt":"2016-07-28T19:47:36","slug":"zum-stand-der-bergmaennischen-vortriebsarbeiten-unter-degerloch","status":"publish","type":"post","link":"https:\/\/netzwerke-21.de\/?p=19350","title":{"rendered":"Zum Stand der bergm\u00e4nnischen Vortriebsarbeiten unter Degerloch"},"content":{"rendered":"<p>Seit Anfang Juni kommen die bergm\u00e4nnischen Vortriebsarbeiten der Ostr\u00f6hre des oberen Fildertunnels vor dem Ortsrand von Degerloch nach den ver\u00f6ffentlichten Grafiken nicht vorw\u00e4rts.\u00a0 Hier eine aktuelle Grafik der DB Projektgesellschaft Stuttgart-Ulm GmbH (PSU) \u00fcber den Vortriebsstand des oberen Fildertunnels zum 25.Juli:<\/p>\n<p><img loading=\"lazy\" decoding=\"async\" class=\"thumbnail\" src=\"http:\/\/netzwerke-21.de\/wordpress\/wp-content\/uploads\/20160725-oberer-Fildertunnel.jpg\" alt=\"\" width=\"614\" height=\"420\" \/><\/p>\n<p>\u00dcber die Ursache berichtete die Stuttgarter Zeitung (<a title=\"StZ Der Damm im Berg\" href=\"http:\/\/www.stuttgarter-zeitung.de\/inhalt.stuttgart-21-laerm-geologie-und-artenschutz-als-herausforderung-page1.9269e82f-48f8-4c63-b313-a6cbd9a6345d.html\" target=\"_blank\">hier<\/a>) vorgestern. In den letzten Wochen wurden Dammringe und dazwischen eine Kontrolldr\u00e4nage als Abdichtungsbauwerk gebaut. Die StZ beschreibt die Bauweise dieses &#8222;Damm im Berg&#8220; zum Schutz des quellf\u00e4higen Anhydritgesteins vor Wassereintritt. Zwei weitere Abdichtungsbauwerke folgen unter Degerloch nach den n\u00e4chsten 230 Metern und 1.000 Metern Richtung Innenstadt im \u00dcbergang zum Anhydrit.<\/p>\n<p>Geplant ist, dass von der Ostr\u00f6hre ein Verbindungsbauwerk Richtung Westr\u00f6hre gebaut werden soll. Anschlie\u00dfend soll die Westr\u00f6hre des mittleren Fildertunnels bergm\u00e4nnisch unter Degerlocher Gemarkung vorgetrieben werden, damit die Tunnelvortriebsmaschine auf dem Weg in die Innenstadt durch dieses Zwischenst\u00fcck durchgezogen werden kann.<\/p>\n<p>Doch vielen Degerlochern ist unklar, wie der Zeitplan der weiteren Bauarbeiten ist und wo genau das Verbindungsbauwerk zur Westr\u00f6hre geplant liegt. Daher hat sich ein Degerlocher Anwohner der betroffenen Falterau-Siedlung an die PSU gewandt. Hier die Antwort, die er vorgestern auf seine Nachfrage erhalten hat:<\/p>\n<p><em>&#8222;Es handelt sich bei Verbindungsbauwerk 6 um dasjenige unterhalb der Siedlung Falterau. Dort h\u00e4tte nach fr\u00fcherer Planung der Zwischenangriff Sigmaringer Stra\u00dfe geendet, der auf Ihrem Luftbild zwar dargestellt ist, jedoch nicht zur Ausf\u00fchrung kommt&#8220;. <\/em><\/p>\n<p>Die Lage des planfeststellten Zwischenangriff Sigmaringer Stra\u00dfe und der Querschlag zwischen den beiden R\u00f6hren kann man auf der BISS-Karte gut erkennen: <em><br \/>\n<\/em><\/p>\n<p><img loading=\"lazy\" decoding=\"async\" class=\"thumbnail\" src=\"http:\/\/netzwerke-21.de\/wordpress\/wp-content\/uploads\/Biss-Degerloch-Falterau.jpg\" alt=\"\" width=\"624\" height=\"441\" \/><\/p>\n<p><em>&#8222;Zur zeitlichen Einordnung kann ich Ihnen folgendes mitteilen. Der derzeitige Vortriebsstand befindet sich ca. 200m vor dem betreffenden Verbindungsbauwerk. Dort wurde in den letzten Wochen wie bereits kommuniziert ein Abdichtungsbauwerk errichtet. Die Arbeiten daran sind in wenigen Tagen abgeschlossen. Im Anschluss daran, voraussichtlich am Wochenende wird der Vortrieb wieder aufgenommen. Danach wird sch\u00e4tzungsweise eine Vortriebsgeschwindigkeit von 20-30 m\/Woche erzielt. Daraus l\u00e4sst sich ableiten, dass die Herstellung des Verbindungsbauwerks in ca. 7 bis 10 Wochen ansteht.&#8220;<\/em><\/p>\n<p>Das bedeutet, dass ab dem Wochenende die bergm\u00e4nnischen Vortriebsarbeit wieder starten. Damit m\u00fcssen die Degerlocher auch wieder mit Sprengungen rechnen, <a title=\"Keine Beeintr\u00e4chtigung ab 35 Meter \u00dcberdeckung? Zu den Ersch\u00fctterungen durch Sprengungen unter Degerloch und der Uhlandsh\u00f6he\" href=\"http:\/\/netzwerke-21.de\/?p=18589\" target=\"_blank\">die bislang trotz der hohen \u00dcberdeckung von mehr als 110 Meter h\u00f6r- und sp\u00fcrbar waren.<\/a><\/p>\n","protected":false},"excerpt":{"rendered":"<p>Seit Anfang Juni kommen die bergm\u00e4nnischen Vortriebsarbeiten der Ostr\u00f6hre des oberen Fildertunnels vor dem Ortsrand von Degerloch nach den ver\u00f6ffentlichten Grafiken nicht vorw\u00e4rts.\u00a0 Hier eine aktuelle Grafik der DB Projektgesellschaft Stuttgart-Ulm GmbH (PSU) \u00fcber den Vortriebsstand des oberen Fildertunnels zum &hellip; <a href=\"https:\/\/netzwerke-21.de\/?p=19350\">Weiterlesen <span class=\"meta-nav\">&rarr;<\/span><\/a><\/p>\n","protected":false},"author":6,"featured_media":0,"comment_status":"closed","ping_status":"closed","sticky":false,"template":"","format":"standard","meta":{"footnotes":""},"categories":[55,8,71,28,44,75,4,53],"tags":[],"class_list":["post-19350","post","type-post","status-publish","format-standard","hentry","category-anhydrit","category-bauarbeiten","category-baufortschritt","category-bauinfo-kommunikationsbuero","category-degerloch","category-sprengungen","category-unterfahrung","category-zeitplan"],"_links":{"self":[{"href":"https:\/\/netzwerke-21.de\/index.php?rest_route=\/wp\/v2\/posts\/19350","targetHints":{"allow":["GET"]}}],"collection":[{"href":"https:\/\/netzwerke-21.de\/index.php?rest_route=\/wp\/v2\/posts"}],"about":[{"href":"https:\/\/netzwerke-21.de\/index.php?rest_route=\/wp\/v2\/types\/post"}],"author":[{"embeddable":true,"href":"https:\/\/netzwerke-21.de\/index.php?rest_route=\/wp\/v2\/users\/6"}],"replies":[{"embeddable":true,"href":"https:\/\/netzwerke-21.de\/index.php?rest_route=%2Fwp%2Fv2%2Fcomments&post=19350"}],"version-history":[{"count":11,"href":"https:\/\/netzwerke-21.de\/index.php?rest_route=\/wp\/v2\/posts\/19350\/revisions"}],"predecessor-version":[{"id":19363,"href":"https:\/\/netzwerke-21.de\/index.php?rest_route=\/wp\/v2\/posts\/19350\/revisions\/19363"}],"wp:attachment":[{"href":"https:\/\/netzwerke-21.de\/index.php?rest_route=%2Fwp%2Fv2%2Fmedia&parent=19350"}],"wp:term":[{"taxonomy":"category","embeddable":true,"href":"https:\/\/netzwerke-21.de\/index.php?rest_route=%2Fwp%2Fv2%2Fcategories&post=19350"},{"taxonomy":"post_tag","embeddable":true,"href":"https:\/\/netzwerke-21.de\/index.php?rest_route=%2Fwp%2Fv2%2Ftags&post=19350"}],"curies":[{"name":"wp","href":"https:\/\/api.w.org\/{rel}","templated":true}]}}