{"id":18983,"date":"2016-07-15T23:22:10","date_gmt":"2016-07-15T21:22:10","guid":{"rendered":"http:\/\/netzwerke-21.de\/?p=18983"},"modified":"2016-07-16T10:07:33","modified_gmt":"2016-07-16T08:07:33","slug":"stz-radler-muessen-umfahrung-in-kauf-nehmen-neckarsteg-wird-abgerissen","status":"publish","type":"post","link":"https:\/\/netzwerke-21.de\/?p=18983","title":{"rendered":"StZ: Radler m\u00fcssen Umfahrung in Kauf nehmen \/ Neckarsteg wird abgerissen"},"content":{"rendered":"<p>Laut den Werbeglanzbrosch\u00fcren sollten die Stuttgarter durch ein <a href=\"http:\/\/netzwerke-21.de\/?p=7947\" target=\"_blank\">&#8222;r\u00fccksichtsvolles Baustellenkonzept&#8220;<\/a> vom Bau des unterirdischen Bahnhofs mit seinen 59 Kilometern nicht viel mitbekommen. Dass die Baurealit\u00e4t ganz anders ist, berichten wir regelm\u00e4\u00dfig auf unserer Webseite.\u00a0 Jetzt m\u00f6chten wir noch auf zwei Artikel der beiden Stuttgarter Zeitungen (<a title=\"StZ Radler m\u00fcssen Umfahrung in Kauf nehmen\" href=\"http:\/\/www.stuttgarter-zeitung.de\/inhalt.umwege-wegen-stuttgart-21-radler-muessen-umfahrung-in-kauf-nehmen.ff7e8ca8-2976-4ea0-9cbf-5035aa4fa8be.html\" target=\"_blank\">StZ 1<\/a> \/ <a title=\"StZ: Neckarsteg wird abgerissen\" href=\"http:\/\/www.stuttgarter-zeitung.de\/inhalt.stuttgart-21-neckarsteg-wird-abgerissen.16044498-8c0c-4b98-8550-9af9e1ba75c4.html\" target=\"_blank\">StZ 2<\/a>) hinweisen, die \u00fcber deutliche Einschr\u00e4nkungen der Fu\u00dfg\u00e4nger und Radfahrer durch die Stuttgart 21- Bauarbeiten am Neckar berichten.<\/p>\n<p>Zum einen ist der Neckartalradweg zwischen Unter- und Obert\u00fcrkheim bis 2019 auf einer L\u00e4nge von drei Kilometern gesperrt. Die Ausweichroute entlang von vielbefahrenen Stra\u00dfen wird scharf vom ADFC kritisiert. \u00dcber diese Sperrung hatten wir in unseren beiden Beitr\u00e4gen zur Infoveranstaltung Obert\u00fcrkheim (<a title=\"Informationsveranstaltung f\u00fcr die Anwohner in Obert\u00fcrkheim\" href=\"http:\/\/netzwerke-21.de\/?p=14720\" target=\"_blank\">Beitrag 1<\/a> \/ <a title=\"Bahn: \u201eWir haben aus Untert\u00fcrkheim gelernt.\u201c \u2013 Zur Anwohnerveranstaltung in Obert\u00fcrkheim\" href=\"http:\/\/netzwerke-21.de\/?p=15285\" target=\"_blank\">Beitrag 2<\/a>) berichtet. Bereits damals wurde die Ausweichroute von Radfahrern und dem Radverband kritisiert.<\/p>\n<p><img loading=\"lazy\" decoding=\"async\" class=\"attachment-900x900\" src=\"http:\/\/netzwerke-21.de\/wordpress\/wp-content\/uploads\/20160225-Radwegumleitung.jpg\" alt=\"20160225 Radwegumleitung\" width=\"628\" height=\"435\" \/><\/p>\n<p>Die Route wurde damals in der Informationsveranstaltung in zwei nahezu unlesbaren Folien (<a href=\"http:\/\/netzwerke-21.de\/wordpress\/wp-content\/uploads\/20160225-Radwegumleitung-b.jpg\" target=\"_blank\">Folie 1<\/a> \/ <a href=\"http:\/\/netzwerke-21.de\/wordpress\/wp-content\/uploads\/20160225-Radwegumleitung-c.jpg\" target=\"_blank\">Folie 2<\/a>) pr\u00e4sentiert. Ein Ingenieur, der den Radweg t\u00e4glich auf der Fahrt zur Arbeit nutzt, hatte damals die <a href=\"http:\/\/netzwerke-21.de\/wordpress\/wp-content\/uploads\/Probleme-Umleitung-Neckartalradweg.pdf\" target=\"_blank\">Kritikpunkte zur geplanten Route in einem Papier<\/a> zusammengefasst.<\/p>\n<p>Zum anderen wurde der h\u00f6lzerne Neckarsteg endg\u00fcltig abgerissen, den viele Fu\u00dfg\u00e4nger und Radfahrer zwischen dem Rosensteinpark und Bad Cannstatt genutzt hatten. Sie m\u00fcssen jetzt bis 2019 auf die vielbefahrene K\u00f6nig-Karls-Br\u00fccke ausweichen. <a href=\"https:\/\/picasaweb.google.com\/112478480755709713158\/6307317478942463265\" target=\"_blank\">Der Fotograf Wolfgang R\u00fcter hat den Abriss der Holzbr\u00fccke festgehalten. <\/a><\/p>\n<p><img loading=\"lazy\" decoding=\"async\" class=\"\" src=\"https:\/\/lh3.googleusercontent.com\/-6YZCV5mdALA\/V4gYAj16rcI\/AAAAAAAB6cU\/C4KpJgr8tp0dZBXev6t89yKec7UqWHFYwCCo\/s720\/DSC_1002.JPG\" alt=\"\" width=\"625\" height=\"414\" \/><\/p>\n<p>Die &#8222;Wegebeziehungen&#8220; sprich die Umwege f\u00fcr die Fu\u00dfg\u00e4nger und Radfahrer wurden <a title=\"StZ: Der Bau der Neckarbr\u00fccke treibt die Anwohner um\" href=\"http:\/\/netzwerke-21.de\/?p=16416\" target=\"_blank\">im April auf der Infoveranstaltung in Bad Cannstatt <\/a>vorgestellt.<\/p>\n","protected":false},"excerpt":{"rendered":"<p>Laut den Werbeglanzbrosch\u00fcren sollten die Stuttgarter durch ein &#8222;r\u00fccksichtsvolles Baustellenkonzept&#8220; vom Bau des unterirdischen Bahnhofs mit seinen 59 Kilometern nicht viel mitbekommen. Dass die Baurealit\u00e4t ganz anders ist, berichten wir regelm\u00e4\u00dfig auf unserer Webseite.\u00a0 Jetzt m\u00f6chten wir noch auf zwei &hellip; <a href=\"https:\/\/netzwerke-21.de\/?p=18983\">Weiterlesen <span class=\"meta-nav\">&rarr;<\/span><\/a><\/p>\n","protected":false},"author":6,"featured_media":0,"comment_status":"closed","ping_status":"closed","sticky":false,"template":"","format":"standard","meta":{"footnotes":""},"categories":[1,48,8,74,50,25,22],"tags":[],"class_list":["post-18983","post","type-post","status-publish","format-standard","hentry","category-allgemein","category-bad-cannstatt","category-bauarbeiten","category-fahrradwege","category-fusswege","category-obertuerkheim","category-untertuerkheim"],"_links":{"self":[{"href":"https:\/\/netzwerke-21.de\/index.php?rest_route=\/wp\/v2\/posts\/18983","targetHints":{"allow":["GET"]}}],"collection":[{"href":"https:\/\/netzwerke-21.de\/index.php?rest_route=\/wp\/v2\/posts"}],"about":[{"href":"https:\/\/netzwerke-21.de\/index.php?rest_route=\/wp\/v2\/types\/post"}],"author":[{"embeddable":true,"href":"https:\/\/netzwerke-21.de\/index.php?rest_route=\/wp\/v2\/users\/6"}],"replies":[{"embeddable":true,"href":"https:\/\/netzwerke-21.de\/index.php?rest_route=%2Fwp%2Fv2%2Fcomments&post=18983"}],"version-history":[{"count":8,"href":"https:\/\/netzwerke-21.de\/index.php?rest_route=\/wp\/v2\/posts\/18983\/revisions"}],"predecessor-version":[{"id":19001,"href":"https:\/\/netzwerke-21.de\/index.php?rest_route=\/wp\/v2\/posts\/18983\/revisions\/19001"}],"wp:attachment":[{"href":"https:\/\/netzwerke-21.de\/index.php?rest_route=%2Fwp%2Fv2%2Fmedia&parent=18983"}],"wp:term":[{"taxonomy":"category","embeddable":true,"href":"https:\/\/netzwerke-21.de\/index.php?rest_route=%2Fwp%2Fv2%2Fcategories&post=18983"},{"taxonomy":"post_tag","embeddable":true,"href":"https:\/\/netzwerke-21.de\/index.php?rest_route=%2Fwp%2Fv2%2Ftags&post=18983"}],"curies":[{"name":"wp","href":"https:\/\/api.w.org\/{rel}","templated":true}]}}