{"id":1855,"date":"2014-01-21T20:04:59","date_gmt":"2014-01-21T18:04:59","guid":{"rendered":"http:\/\/netzwerke-21.de\/?p=1855"},"modified":"2017-12-27T01:13:24","modified_gmt":"2017-12-26T23:13:24","slug":"ssb-umbau-aktionsbuendnis-fordert-oeffentliches-eroerterungsverfahren-zur-umplanung-nesenbachdueker","status":"publish","type":"post","link":"https:\/\/netzwerke-21.de\/?p=1855","title":{"rendered":"SSB-Umbau: Aktionsb\u00fcndnis fordert \u00f6ffentliches Verfahren zur Umplanung Nesenbachd\u00fcker + Laufdemo am 25.1.2014"},"content":{"rendered":"<p>Die <a href=\"http:\/\/netzwerke-21.de\/?p=1659\">letzte Sitzung des Bezirksbeirats Mitte am 13.01.2014 <\/a>zeigte, dass die Umplanungen der Bahn zur neuen offenen Bauweise des Nesenbachd\u00fckers gravierende Folgen auf das Betriebskonzept der SSB haben werden.<\/p>\n<p>Sowohl die Strecke von der Haltestelle Staatsgalerie Richtung Charlottenplatz als auch die Richtung Hauptbahnhof werden w\u00e4hrend der mehr als f\u00fcnfj\u00e4hrigen Bauzeit in zwei Phasen f\u00fcr l\u00e4ngere Zeit gesperrt. Von den damit verbundenen\u00a0 Linienumleitungen und &#8211; unterbrechungen bzw. erforderlichen Umstiegen werden eine hohe Zahl von Fahrg\u00e4sten betroffen sein. Wer die Pr\u00e4sentation \u00fcber den derzeitigen Planungsentwurf der SSB im Bezirksbeirat verpasst hat, kann sie sich jetzt im Internet anschauen (<a title=\"Stuttgart Bezirksbeirat Mitte 13.01.2014 Umbau Staatsgalerie \" href=\"http:\/\/www.youtube.com\/watch?v=Vft31gQzUd8\">hier<\/a>).<\/p>\n<p>Dennoch gelangen nur scheibchenweise die Auswirkungen der 14.Planungs\u00e4nderungen an die \u00d6ffentlichkeit. Auf Anregung eines B\u00fcrgers beschloss der Bezirksbeirat daher einstim- mig einen Auftrag an die Stadt. Sie soll rechtlich \u00fcberpr\u00fcfen, inwieweit die 14.Plan\u00e4nder- ung zur neuen Bauweise des Nesenbachd\u00fckers wegen der Auswirkungen auf den Betriebs-ablauf der SSB nicht in einem \u00f6ffentlichen Verfahren ausgelegt werden m\u00fcsste.<\/p>\n<p>Parallel dazu hat sich das Aktionsb\u00fcndnis heute in einem Schreiben (<a href=\"http:\/\/www.parkschuetzer.de\/assets\/termine\/presse2014\/PFAE114-AB-an-OBKuhn.pdf\" target=\"_blank\" rel=\"noopener noreferrer\">hier<\/a>) an den Oberb\u00fcrgermeister Fritz Kuhn als Vertreter der Stadt und als Aufsichtsratsvorsitzender der SSB mit der Bitte gewandt,&#8220;<em>&#8230; sich nachdr\u00fccklich dem EBA gegen\u00fcber f\u00fcr ein \u00f6ffentliches Er\u00f6rterungsverfahren bei der PF\u00c4 1.1.14 einzusetzen, die mutma\u00dflichen Stellungnahmen von Stadt und SSB der \u00d6ffentlichkeit zug\u00e4nglich zu machen, \u00fcber die drohenden Beeintr\u00e4chtigungen f\u00fcr B\u00fcrgerInnen und Fahrg\u00e4ste rechtzeitig und ungefiltert zu informieren und diese <\/em><em>\u201enach besten Kr\u00e4ften\u201c (Amtseid) abzuwenden.<\/em>&#8220;<\/p>\n<p>Wer sich \u00fcber die Folgen der neuen Umbaupl\u00e4ne auf das Betriebskonzept der SSB informieren will, dem sei die Rede von J\u00fcrgen Schwab auf der 204.Montagsdemo (<a href=\"http:\/\/www.bei-abriss-aufstand.de\/2013\/12\/31\/rede-von-juergen-schwab-bei-der-204-montagsdemo\/\" target=\"_blank\" rel=\"noopener noreferrer\">hier<\/a>) und die <strong><a href=\"http:\/\/www.bei-abriss-aufstand.de\/2014\/01\/10\/einladung-zur-8-laufdemo-am-25-januar\/\" target=\"_blank\" rel=\"noopener noreferrer\">n\u00e4chste Laufdemo am Samstag, den 25.1.2014<\/a>,<\/strong> empfohlen. Unter anderem wird Hans Heydemann, Mitglied der Ingenieure22, \u00fcber die SSB-Umplanungen sprechen. <span style=\"text-decoration: underline;\">Update:<\/span> Den Text seiner Rede finden Sie <a href=\"http:\/\/www.parkschuetzer.de\/assets\/statements\/167980\/original\/SSB-Chaos_Laufdemo_25.1.14_Rede_Heydemann.pdf?1390975541\" target=\"_blank\" rel=\"noopener noreferrer\">hier<\/a>.<\/p>\n","protected":false},"excerpt":{"rendered":"<p>Die letzte Sitzung des Bezirksbeirats Mitte am 13.01.2014 zeigte, dass die Umplanungen der Bahn zur neuen offenen Bauweise des Nesenbachd\u00fckers gravierende Folgen auf das Betriebskonzept der SSB haben werden. Sowohl die Strecke von der Haltestelle Staatsgalerie Richtung Charlottenplatz als auch &hellip; <a href=\"https:\/\/netzwerke-21.de\/?p=1855\">Weiterlesen <span class=\"meta-nav\">&rarr;<\/span><\/a><\/p>\n","protected":false},"author":6,"featured_media":0,"comment_status":"closed","ping_status":"closed","sticky":false,"template":"","format":"standard","meta":{"footnotes":""},"categories":[8,23,6,85,21,60,11,26,10,24],"tags":[66],"class_list":["post-1855","post","type-post","status-publish","format-standard","hentry","category-bauarbeiten","category-eroerterung","category-grundwassermanagement","category-ingenieure22","category-kernerviertel","category-nesenbachdueker","category-ssb","category-stadt-stuttgart","category-veranstaltungen","category-verkehr","tag-ssb"],"_links":{"self":[{"href":"https:\/\/netzwerke-21.de\/index.php?rest_route=\/wp\/v2\/posts\/1855","targetHints":{"allow":["GET"]}}],"collection":[{"href":"https:\/\/netzwerke-21.de\/index.php?rest_route=\/wp\/v2\/posts"}],"about":[{"href":"https:\/\/netzwerke-21.de\/index.php?rest_route=\/wp\/v2\/types\/post"}],"author":[{"embeddable":true,"href":"https:\/\/netzwerke-21.de\/index.php?rest_route=\/wp\/v2\/users\/6"}],"replies":[{"embeddable":true,"href":"https:\/\/netzwerke-21.de\/index.php?rest_route=%2Fwp%2Fv2%2Fcomments&post=1855"}],"version-history":[{"count":19,"href":"https:\/\/netzwerke-21.de\/index.php?rest_route=\/wp\/v2\/posts\/1855\/revisions"}],"predecessor-version":[{"id":26921,"href":"https:\/\/netzwerke-21.de\/index.php?rest_route=\/wp\/v2\/posts\/1855\/revisions\/26921"}],"wp:attachment":[{"href":"https:\/\/netzwerke-21.de\/index.php?rest_route=%2Fwp%2Fv2%2Fmedia&parent=1855"}],"wp:term":[{"taxonomy":"category","embeddable":true,"href":"https:\/\/netzwerke-21.de\/index.php?rest_route=%2Fwp%2Fv2%2Fcategories&post=1855"},{"taxonomy":"post_tag","embeddable":true,"href":"https:\/\/netzwerke-21.de\/index.php?rest_route=%2Fwp%2Fv2%2Ftags&post=1855"}],"curies":[{"name":"wp","href":"https:\/\/api.w.org\/{rel}","templated":true}]}}