{"id":17195,"date":"2016-05-27T22:51:06","date_gmt":"2016-05-27T20:51:06","guid":{"rendered":"http:\/\/netzwerke-21.de\/?p=17195"},"modified":"2017-12-07T23:56:32","modified_gmt":"2017-12-07T21:56:32","slug":"stzstn-bei-kritischen-punkten-kneift-die-bahn","status":"publish","type":"post","link":"https:\/\/netzwerke-21.de\/?p=17195","title":{"rendered":"StZ\/StN: Bei kritischen Punkten kneift die Bahn"},"content":{"rendered":"<p>Die beiden Stuttgarter Zeitungen berichteten heute\u00a0 in einem lesenswerten Beitrag (<a title=\"StZ: Bei kritischen Punkten kneift die Bahn\" href=\"http:\/\/www.stuttgarter-zeitung.de\/inhalt.s21-info-in-untertuerkheim-bei-kritischen-punkten-kneift-die-bahn.f02a05db-b1ba-4295-82e5-b113144b5b6d.html\" target=\"_blank\" rel=\"noopener noreferrer\">hier<\/a>) \u00fcber die vor 14 Tagen stattgefundene <a title=\"Bericht \u00fcber die letzte Anwohnerveranstaltung. L\u00e4sst die Bahn die Untert\u00fcrkheimer wirklich nicht im Regen stehen?\" href=\"http:\/\/netzwerke-21.de\/?p=17126\" target=\"_blank\" rel=\"noopener noreferrer\">Infoveranstaltung zur geplanten Untertunnelung\u00a0 in Untert\u00fcrkheim<\/a>. Ein Zitat daraus:<\/p>\n<p><em>&#8222;&#8230; Als sich ein Bewohner des Bereichs Bruckwiesenweg \u201eschockiert\u201c zeigte, dass das D\u00e4mpfersystem \u201enach dem Lindenschulviertel aufh\u00f6rt\u201c, sagte Manfred Leger, Vorsitzender der Gesch\u00e4ftsf\u00fchrung des Projektes: \u201eWir sichern zu, dass wir uns das ganz genau anschauen. Zehn Meter zur Tunneldecke ist eine spannende Sache.\u201c Peter Sch\u00fctz aber, als Rechtsbeistand des Projektes vorgestellt, betonte: \u201eWo das vorgeschrieben ist und wo nicht, das steht in der Planfeststellung. Uns ist nicht bekannt, dass Sie Einspr\u00fcche erhoben h\u00e4tten.\u201c Worauf dem Fragesteller nurmehr der Ausruf blieb: \u201eSie \u00fcberfordern den B\u00fcrger!\u201c Darauf wollte eine Dame, die bekannte, \u201eals Bankfrau davon keine Ahnung\u201c zu haben, wissen, \u201ewas passiert, wenn der Tunnel acht Meter unter meinem Haus verl\u00e4uft?\u201c Die Antwort der Projektverantwortlichen: \u201eHier k\u00f6nnen wir das nicht kl\u00e4ren&#8230;\u201c<\/em><\/p>\n","protected":false},"excerpt":{"rendered":"<p>Die beiden Stuttgarter Zeitungen berichteten heute\u00a0 in einem lesenswerten Beitrag (hier) \u00fcber die vor 14 Tagen stattgefundene Infoveranstaltung zur geplanten Untertunnelung\u00a0 in Untert\u00fcrkheim. Ein Zitat daraus: &#8222;&#8230; Als sich ein Bewohner des Bereichs Bruckwiesenweg \u201eschockiert\u201c zeigte, dass das D\u00e4mpfersystem \u201enach &hellip; <a href=\"https:\/\/netzwerke-21.de\/?p=17195\">Weiterlesen <span class=\"meta-nav\">&rarr;<\/span><\/a><\/p>\n","protected":false},"author":6,"featured_media":0,"comment_status":"closed","ping_status":"closed","sticky":false,"template":"","format":"standard","meta":{"footnotes":""},"categories":[83,28,27,26,4,22,10],"tags":[],"class_list":["post-17195","post","type-post","status-publish","format-standard","hentry","category-anwohnerveranstaltung","category-bauinfo-kommunikationsbuero","category-erschuetterungen","category-stadt-stuttgart","category-unterfahrung","category-untertuerkheim","category-veranstaltungen"],"_links":{"self":[{"href":"https:\/\/netzwerke-21.de\/index.php?rest_route=\/wp\/v2\/posts\/17195","targetHints":{"allow":["GET"]}}],"collection":[{"href":"https:\/\/netzwerke-21.de\/index.php?rest_route=\/wp\/v2\/posts"}],"about":[{"href":"https:\/\/netzwerke-21.de\/index.php?rest_route=\/wp\/v2\/types\/post"}],"author":[{"embeddable":true,"href":"https:\/\/netzwerke-21.de\/index.php?rest_route=\/wp\/v2\/users\/6"}],"replies":[{"embeddable":true,"href":"https:\/\/netzwerke-21.de\/index.php?rest_route=%2Fwp%2Fv2%2Fcomments&post=17195"}],"version-history":[{"count":6,"href":"https:\/\/netzwerke-21.de\/index.php?rest_route=\/wp\/v2\/posts\/17195\/revisions"}],"predecessor-version":[{"id":26548,"href":"https:\/\/netzwerke-21.de\/index.php?rest_route=\/wp\/v2\/posts\/17195\/revisions\/26548"}],"wp:attachment":[{"href":"https:\/\/netzwerke-21.de\/index.php?rest_route=%2Fwp%2Fv2%2Fmedia&parent=17195"}],"wp:term":[{"taxonomy":"category","embeddable":true,"href":"https:\/\/netzwerke-21.de\/index.php?rest_route=%2Fwp%2Fv2%2Fcategories&post=17195"},{"taxonomy":"post_tag","embeddable":true,"href":"https:\/\/netzwerke-21.de\/index.php?rest_route=%2Fwp%2Fv2%2Ftags&post=17195"}],"curies":[{"name":"wp","href":"https:\/\/api.w.org\/{rel}","templated":true}]}}