{"id":17084,"date":"2016-05-19T00:22:46","date_gmt":"2016-05-18T22:22:46","guid":{"rendered":"http:\/\/netzwerke-21.de\/?p=17084"},"modified":"2017-12-07T23:55:19","modified_gmt":"2017-12-07T21:55:19","slug":"informationsveranstaltung-am-2-juni-2016-ueber-geplanten-tunnelbau-in-stuttgart-ost","status":"publish","type":"post","link":"https:\/\/netzwerke-21.de\/?p=17084","title":{"rendered":"Informationsveranstaltung am 2. Juni 2016 \u00fcber Tunnelbau in Stuttgart-Ost"},"content":{"rendered":"<p>Anwohner in Stuttgart-Ost, die nicht in die Pfingstferien gefahren sind, haben bereits oder werden in den n\u00e4chsten Tagen im Briefkasten eine Einladung der B\u00fcrgerbeauftragten der Stadt Stuttgart\u00a0 zu einer zweiten Infoveranstaltung \u00fcber den Tunnelbau unter ihrem Stadtteil vorfinden. Die Veranstaltung\u00a0 ist bereits f\u00fcr den ersten Mittwoch nach den Pfingstferien um 19 Uhr im gro\u00dfen Saal des Rathauses angesetzt. Den Flyer, in dem Alice Kaiser in Kooperation mit der Bezirksvortseherin von Stuttgart-Ost, Tatjana Strohmaier, einl\u00e4dt, finden Sie <a href=\"http:\/\/netzwerke-21.de\/wordpress\/wp-content\/uploads\/160518_Einladung_RZ_Ost2016-05-09.pdf\" target=\"_blank\" rel=\"noopener noreferrer\">hier<\/a>. Hier eine \u00dcbersicht der Tunnel:<\/p>\n<p><img loading=\"lazy\" decoding=\"async\" class=\"attachment-900x900\" src=\"http:\/\/netzwerke-21.de\/wordpress\/wp-content\/uploads\/Tunnel-im-Osten-b.jpg\" alt=\"Tunnel im Osten b\" width=\"614\" height=\"425\" \/><\/p>\n<p>Letztes Jahr fand im M\u00e4rz die erste Veranstaltung statt, <a title=\"\u201eAlles im Plan und transparent\u201c \u2013 Zur Informationsveranstaltung zum Tunnelbau in Stuttgart-Ost\" href=\"http:\/\/netzwerke-21.de\/?p=7649\" target=\"_blank\" rel=\"noopener noreferrer\">\u00fcber die wir berichtet hatten<\/a>. Damals k\u00fcndigte die Bahn den Beginn des Tunnelvortrieb vom Verzweigungsbauwerk S\u00fcd (Kernerviertel) aus ab Oktober\/November 2015 an. Mit etwas Versp\u00e4tung <a title=\"Tunnelbau unter dem Kernerviertel Richtung Wendekaverne und Wangen gestartet\" href=\"http:\/\/netzwerke-21.de\/?p=14877\" target=\"_blank\" rel=\"noopener noreferrer\">startete dann im Februar 2016 der bergm\u00e4nnische Vortrieb<\/a> von jeweils einer R\u00f6hre des Obert\u00fcrkheimer Tunnels Richtung Wangen und des Fildertunnels Richtung Wendekaverne. Zum <a href=\"http:\/\/www.bahnprojekt-stuttgart-ulm.de\/no_cache\/mediathek\/detail\/media\/stuttgart-21-vortrieb-und-aushub-fuer-tunnelbau\/mediaParameter\/show\/Medium\/\" target=\"_blank\" rel=\"noopener noreferrer\">09.Mai 2016<\/a> sind die beiden R\u00f6hren auf H\u00f6he der Gerokstra\u00dfe angelangt. Der Vortrieb der beiden anderen R\u00f6hren sowie der zwei R\u00f6hren des Anfahrbereichs unter dem Kernerviertel ist noch nicht angelaufen.<\/p>\n<p>Von Wangen aus ist die Westr\u00f6hre des Obert\u00fcrkheimer Tunnel bereits hinter der J\u00e4gerhalde und wird damit auch in absehbarer Zeit Gablenberg erreichen. Auf den letzten Informationsveranstaltungen f\u00fcr die Neckarvororte k\u00fcndigte der Abschnittsleiter G\u00fcnther Osthoff an, dass zumindest eine R\u00f6hre des Obert\u00fcrkheimer Tunnels bis Ende diesen Jahres bzw. Anfang n\u00e4chsten Jahres vorgetrieben sein soll. Die Einhaltung dieses Zeitplans soll unabh\u00e4ngig vom Anhydritvorkommen entlang der Strecke mit vorwiegendem Spengvortrieb sichergestellt werden. Von einem &#8222;<em>bergschonenden Sprengverfahren<\/em>&#8222;, das noch der damalige Abschnittsleiter Matthias Breidenstein <a title=\"\u201eAlles im Plan und transparent\u201c \u2013 Zur Informationsveranstaltung zum Tunnelbau in Stuttgart-Ost\" href=\"http:\/\/netzwerke-21.de\/?p=7649\" target=\"_blank\" rel=\"noopener noreferrer\">im letzten M\u00e4rz<\/a> erl\u00e4utert hatte, war auf der <a title=\"Hotelgutscheine sind laut Bahn passiver Schallschutz. Zur Anwohnerveranstaltung in Wangen\" href=\"http:\/\/netzwerke-21.de\/?p=15036\" target=\"_blank\" rel=\"noopener noreferrer\">Anwohnerveranstaltung in Wangen<\/a> nicht mehr die Rede. So hei\u00dft es in einer Meldung der Stuttgarter Nachrichten (<a title=\"STN Mineure w\u00fchlen sich durch den Staub\" href=\"http:\/\/www.stuttgarter-nachrichten.de\/inhalt.stuttgart-21-mineure-wuehlen-sich-durch-den-staub.f5805a2e-9a46-4343-80f5-384dfae55e3f.html\" target=\"_blank\" rel=\"noopener noreferrer\">hier<\/a>):<\/p>\n<p><em>\u201eIm Rahmen des Bauloses 1b \u201eTunnel Ober- \/Untert\u00fcrkheim\u201c k\u00e4mpfen sich Hofer und seine Arbeiter durch die Erde. Sogar weit unter dem Neckar, an zwei Fronten. Sie nennen es Zwischenangriff, weil sie sich vom Startpunkt an der Ulmer Stra\u00dfe in Wangen gleichzeitig Richtung Bahnhof und der Neckarvororte sprengen. \u201eGeht schneller\u201c, sagt Hofer trocken. Zeit ist knapp. Zeit ist Geld. Bis 2018 sollen die Eisenbahnr\u00f6hren fertig sein.\u201c<\/em><\/p>\n<p>Hier die L\u00e4ngsschnitte des Obert\u00fcrkheimer Tunnels und des Filder Tunnels (rot= vermutetete Anhydritvorkommen):<\/p>\n<p><img loading=\"lazy\" decoding=\"async\" class=\"\" src=\"http:\/\/netzwerke-21.de\/wordpress\/wp-content\/uploads\/WBI-Laengsschnitt-Tunnel-Obert%C3%BCrkheim.jpg\" alt=\"http:\/\/netzwerke-21.de\/wordpress\/wp-content\/uploads\/WBI-Laengsschnitt-Tunnel-Obert%C3%BCrkheim.jpg\" width=\"579\" height=\"410\" \/><\/p>\n<p><img loading=\"lazy\" decoding=\"async\" class=\"\" src=\"http:\/\/netzwerke-21.de\/wordpress\/wp-content\/uploads\/Prof-Wittke-Schnitt-Fildertunnel.jpg\" alt=\"http:\/\/netzwerke-21.de\/wordpress\/wp-content\/uploads\/Prof-Wittke-Schnitt-Fildertunnel.jpg\" width=\"573\" height=\"408\" \/><\/p>\n<p>Das bedeutet, dass sich die Anwohner und Eigent\u00fcmer entlang der Westr\u00f6hre des Obert\u00fcrkheimer Tunnels in den Wohngebieten Uhlandsh\u00f6he\/ Untere G\u00e4nsheide und Gablenberg sich auf die Unterfahrung ihrer H\u00e4user in diesem Jahr einstellen m\u00fcssen. Die Unterfahrung der G\u00e4nsheide mit der Tunnelvortriebsmaschine plant die Bahn im Laufe des Jahres 2017.<\/p>\n<p>Letztes Jahr versprach Bernd Sievers, der kaufm\u00e4nnische Gesch\u00e4ftsf\u00fchrer der PFA 1.2. und 1.6a, dass die Vertreter der Projektgesellschaft ein halbes Jahr vor der Unterfahrung auf die Eigent\u00fcmer zukommen werden. Die Praxis hat jedoch gezeigt, dass den Eigent\u00fcmern von Seiten der DB Projektgesellschaft Stuttgart-Ulm GmbH (PSU) sehr viel weniger Zeit einger\u00e4umt wird.\u00a0 Auch dass die urspr\u00fcnglich versprochenen <a title=\"Gruppengespr\u00e4che f\u00fcr betroffene Eigent\u00fcmer im Vorfeld der Unterfahrung \u2013 Fehlanzeige\" href=\"http:\/\/netzwerke-21.de\/?p=16094\" target=\"_blank\" rel=\"noopener noreferrer\">Gruppengespr\u00e4che f\u00fcr die Eigent\u00fcmer<\/a> stattfinden, ist nichts bekannt.<\/p>\n","protected":false},"excerpt":{"rendered":"<p>Anwohner in Stuttgart-Ost, die nicht in die Pfingstferien gefahren sind, haben bereits oder werden in den n\u00e4chsten Tagen im Briefkasten eine Einladung der B\u00fcrgerbeauftragten der Stadt Stuttgart\u00a0 zu einer zweiten Infoveranstaltung \u00fcber den Tunnelbau unter ihrem Stadtteil vorfinden. Die Veranstaltung\u00a0 &hellip; <a href=\"https:\/\/netzwerke-21.de\/?p=17084\">Weiterlesen <span class=\"meta-nav\">&rarr;<\/span><\/a><\/p>\n","protected":false},"author":6,"featured_media":0,"comment_status":"closed","ping_status":"closed","sticky":false,"template":"","format":"standard","meta":{"footnotes":""},"categories":[1,83,35,47,17,21,75,26,38,4,10],"tags":[],"class_list":["post-17084","post","type-post","status-publish","format-standard","hentry","category-allgemein","category-anwohnerveranstaltung","category-gablenberg","category-gaensheide","category-gestattungsvertraege","category-kernerviertel","category-sprengungen","category-stadt-stuttgart","category-tunnelstrecken","category-unterfahrung","category-veranstaltungen"],"_links":{"self":[{"href":"https:\/\/netzwerke-21.de\/index.php?rest_route=\/wp\/v2\/posts\/17084","targetHints":{"allow":["GET"]}}],"collection":[{"href":"https:\/\/netzwerke-21.de\/index.php?rest_route=\/wp\/v2\/posts"}],"about":[{"href":"https:\/\/netzwerke-21.de\/index.php?rest_route=\/wp\/v2\/types\/post"}],"author":[{"embeddable":true,"href":"https:\/\/netzwerke-21.de\/index.php?rest_route=\/wp\/v2\/users\/6"}],"replies":[{"embeddable":true,"href":"https:\/\/netzwerke-21.de\/index.php?rest_route=%2Fwp%2Fv2%2Fcomments&post=17084"}],"version-history":[{"count":27,"href":"https:\/\/netzwerke-21.de\/index.php?rest_route=\/wp\/v2\/posts\/17084\/revisions"}],"predecessor-version":[{"id":26546,"href":"https:\/\/netzwerke-21.de\/index.php?rest_route=\/wp\/v2\/posts\/17084\/revisions\/26546"}],"wp:attachment":[{"href":"https:\/\/netzwerke-21.de\/index.php?rest_route=%2Fwp%2Fv2%2Fmedia&parent=17084"}],"wp:term":[{"taxonomy":"category","embeddable":true,"href":"https:\/\/netzwerke-21.de\/index.php?rest_route=%2Fwp%2Fv2%2Fcategories&post=17084"},{"taxonomy":"post_tag","embeddable":true,"href":"https:\/\/netzwerke-21.de\/index.php?rest_route=%2Fwp%2Fv2%2Ftags&post=17084"}],"curies":[{"name":"wp","href":"https:\/\/api.w.org\/{rel}","templated":true}]}}