{"id":16582,"date":"2016-04-29T23:09:46","date_gmt":"2016-04-29T21:09:46","guid":{"rendered":"http:\/\/netzwerke-21.de\/?p=16582"},"modified":"2017-12-07T23:54:52","modified_gmt":"2017-12-07T21:54:52","slug":"anwohnerveranstaltung-ueber-den-tunnelbau-in-unteruerkheim-am-12-mai","status":"publish","type":"post","link":"https:\/\/netzwerke-21.de\/?p=16582","title":{"rendered":"Anwohnerveranstaltung \u00fcber den Tunnelbau in Untert\u00fcrkheim am 12. Mai. Bahn will Fragen des Netzwerks zur Geologie nicht beantworten"},"content":{"rendered":"<p>Nachdem auf der letzte <a title=\"Bei der Bahn wei\u00df die rechte Neckarseite nicht, was die linke Neckarseite treibt \u2013 zur B\u00fcrgerinformation am 01. M\u00e4rz in der S\u00e4ngerhalle in Untert\u00fcrkheim\" href=\"http:\/\/netzwerke-21.de\/?p=15682\" target=\"_blank\" rel=\"noopener noreferrer\">Anwohnerveranstaltung in Untert\u00fcrkheim am 1.M\u00e4rz<\/a> die anstehenden Tunnelbauarbeiten unterhalb des Lindensschulviertels komplett ausgespart wurden, l\u00e4dt die st\u00e4dtische B\u00fcrgerbeauftagte Alice Kaiser gemeinsam mit der Bezirksvorsteherin Dagmar Wenzel am 12.Mai 2016 um 19 Uhr in der S\u00e4ngerhalle zu einer <a title=\"B\u00fcrgerinformation zu Stuttgart 21 in Untert\u00fcrkheim\" href=\"https:\/\/www.stuttgart.de\/item\/show\/273273\/1\/9\/598062?\" target=\"_blank\" rel=\"noopener noreferrer\">Informationsveranstaltung<\/a> ein.<\/p>\n<p>Kein Stadtviertel soll durchgehend so knapp von den geplanten Tunneln f\u00fcr Stuttgart 21 unterfahren werden wie das Lindenschulviertel in Untert\u00fcrkheim. Im Bruckwiesenweg stehen die H\u00e4user zudem noch auf Pf\u00e4hlen. Zwischen dem Tunnelfirst und den Kellern liegen oft weniger als 15 Meter. Dennoch sind sowohl beim Tunnelbau als auch beim Schutz vor L\u00e4rm und Ersch\u00fctterung durch den Bahnbetrieb im Vergleich zur Innenstadt geringere Schutzma\u00dfnahmen geplant. Das Netzwerk Wangen\/Untert\u00fcrkheim hat darauf in einer <a title=\"Die Bahn spart bei S 21 \u2013 leider nur an den betroffenen Anwohnern im Untert\u00fcrkheimer Lindenschulviertel. Immissionsschutz zweiter Klasse?\" href=\"http:\/\/netzwerke-21.de\/?p=16536\" target=\"_blank\" rel=\"noopener noreferrer\">Pressemitteilung<\/a> aufmerksam gemacht. Die Stuttgarter Zeitung (<a title=\"Bahn bietet weiteren S-21-Nachbarn Hotelumzug an\" href=\"http:\/\/www.stuttgarter-zeitung.de\/inhalt.baustelle-stuttgart-21-bahn-bietet-weiteren-s-21-nachbarn-hotelumzug-an.e6155af4-1234-4309-9e92-2651021d5bd2.html\" target=\"_blank\" rel=\"noopener noreferrer\">hier<\/a>) berichtete heute dar\u00fcber.<\/p>\n<p>Das Netzwerk Wangen\/Untert\u00fcrkheim hakt bereits seit drei Jahren wegen dieser Punkte vergeblich nach. Auf der Er\u00f6rterung zur Plan\u00e4nderung Grundwassermanagement sagte Prof. Dr. Wittke als beratender Ingenieur f\u00fcr den Tunnelbau einer betroffenen Eigent\u00fcmerin und Vertreterin des Netzwerks schriftliche Informationen \u00fcber die geologischen Verh\u00e4ltnisse in Untert\u00fcrkheim zu. Auch auf den<a title=\"Netzwerk Untert\u00fcrkheim hakt bei Bahn wegen Zeitplan und Risiken der Unterfahrung des Lindenschulviertels nach\" href=\"http:\/\/netzwerke-21.de\/?p=15547\" target=\"_blank\" rel=\"noopener noreferrer\"> aktuellen Fragenkatalog zu den Beeintr\u00e4chtigungen und Risiken der Unterfahrung <\/a>hat das Netzwerk von der Projektgesellschaft Stuttgart-Ulm GmbH (PSU) keine Antwort erhalten. Genauer gesagt, die PSU sieht nicht die Notwendigkeit auf die Fragen zu den geologischen Risiken zu reagieren. So erhielt das Netzwerk Wangen\/Untert\u00fcrkheim in einer Mail der PSU vom 6.April 2016 folgende Auskunft:<\/p>\n<p><em>&#8222;Wir verstehen, dass die bergm\u00e4nnische Unterfahrung von Geb\u00e4uden und Grundst\u00fccken Fragen, Sorgen und Widerspruch ausl\u00f6sen. Gleichwohl ist die Grundsatzentscheidung f\u00fcr den Bau der Bahnstrecken und damit auch f\u00fcr die Inanspruchnahme der betroffenen Grundst\u00fccke mit dem bestandskr\u00e4ftigen Planfeststellungsbeschluss nat\u00fcrlich gefallen, Detailfragen zur Bauausf\u00fchrung sind f\u00fcr die betroffenen Eigent\u00fcmer nicht entscheidungsrelevant. Es w\u00e4re ja geradezu fatal, wenn jeder Eigent\u00fcmer sich beispielsweise zu komplexen geologischen Fragestellungen als Voraussetzung f\u00fcr seine sachgerechte Entscheidung einen eigenen Eindruck verschaffen m\u00fcsste! Alle an Planung und Bauausf\u00fchrung beteiligte Stellen sind vielmehr der Verwaltungsvorschrift Bau (VV Bau) sowie der \u00dcberwachung durch das Eisenbahn-Bundesamt verpflichtet, was vielfach nicht nur ein Vier-, sondern ein Sechs- oder gar Acht-Augen-Prinzip gew\u00e4hrleistet.&#8220; <\/em><\/p>\n<p>Dass nicht nur das Netzwerk Wangen\/Untert\u00fcrkheim, sondern auch der Bezirksbeirat Untert\u00fcrkheim als st\u00e4dtisches Gremium die schriftliche Beantwortung dieser Fragen in der Sitzung vom 22.M\u00e4rz 2016 einstimmig gefordert hatte, scheint f\u00fcr die PSU nicht von Belang zu sein. Das Netzwerk Wangen\/Untert\u00fcrkheim wird hier noch weiter nachhaken.<\/p>\n<p>Auch der Hinweis der PSU, dass die f\u00fcr die Eigent\u00fcmer relevanten Fragen der Unterfahrung und des Immissionsschutzes w\u00e4hrend des Bau und des Betriebs der Tunnel bereits bei den Gruppengespr\u00e4chen mit den betroffenen Eigent\u00fcmer behandelt werden, greift zu kurz. Das <a href=\"http:\/\/netzwerke-21.de\/wordpress\/wp-content\/uploads\/20160406-Protokoll-Lindenschulviertel.pdf\" target=\"_blank\" rel=\"noopener noreferrer\">Protokoll eines Eigent\u00fcmers <\/a>einer solchen Veranstaltung zeigt, dass selbst in diesen kleinem Kreis die kritischen Themen der Unterfahrung nur gestreift werden. Bei der Auskunft, dass nach einem Testbetrieb das eingebaute leichte Masse-Feder-System noch nachgebessert werden kann, blieb offen, wie dies zu bewerkstellen sei. Beispielsweise ob es realistisch ist, dass ein teures unzureichendes System nachtr\u00e4glich durch ein schwereres, noch teureres System ersetzt wird. Zumal f\u00fcr ein schweres Mass-Feder-System, das auch im unteren Bereich des Kernerviertels eingebaut werden soll, ein gr\u00f6\u00dferer Tunnelradius erforderlich ist.<\/p>\n<p>Von daher wird sich zeigen, wie die Projektgesellschaft ihrem Anspruch auf Transparenz gegen\u00fcber den betroffenen B\u00fcrgern auch in der Anwohnerveranstaltung gerecht werden will.<\/p>\n","protected":false},"excerpt":{"rendered":"<p>Nachdem auf der letzte Anwohnerveranstaltung in Untert\u00fcrkheim am 1.M\u00e4rz die anstehenden Tunnelbauarbeiten unterhalb des Lindensschulviertels komplett ausgespart wurden, l\u00e4dt die st\u00e4dtische B\u00fcrgerbeauftagte Alice Kaiser gemeinsam mit der Bezirksvorsteherin Dagmar Wenzel am 12.Mai 2016 um 19 Uhr in der S\u00e4ngerhalle zu &hellip; <a href=\"https:\/\/netzwerke-21.de\/?p=16582\">Weiterlesen <span class=\"meta-nav\">&rarr;<\/span><\/a><\/p>\n","protected":false},"author":6,"featured_media":0,"comment_status":"closed","ping_status":"closed","sticky":false,"template":"","format":"standard","meta":{"footnotes":""},"categories":[83,28,27,12,18,26,4,22,10],"tags":[],"class_list":["post-16582","post","type-post","status-publish","format-standard","hentry","category-anwohnerveranstaltung","category-bauinfo-kommunikationsbuero","category-erschuetterungen","category-gebaeuderisiken","category-schreiben-netzwerke","category-stadt-stuttgart","category-unterfahrung","category-untertuerkheim","category-veranstaltungen"],"_links":{"self":[{"href":"https:\/\/netzwerke-21.de\/index.php?rest_route=\/wp\/v2\/posts\/16582","targetHints":{"allow":["GET"]}}],"collection":[{"href":"https:\/\/netzwerke-21.de\/index.php?rest_route=\/wp\/v2\/posts"}],"about":[{"href":"https:\/\/netzwerke-21.de\/index.php?rest_route=\/wp\/v2\/types\/post"}],"author":[{"embeddable":true,"href":"https:\/\/netzwerke-21.de\/index.php?rest_route=\/wp\/v2\/users\/6"}],"replies":[{"embeddable":true,"href":"https:\/\/netzwerke-21.de\/index.php?rest_route=%2Fwp%2Fv2%2Fcomments&post=16582"}],"version-history":[{"count":26,"href":"https:\/\/netzwerke-21.de\/index.php?rest_route=\/wp\/v2\/posts\/16582\/revisions"}],"predecessor-version":[{"id":26545,"href":"https:\/\/netzwerke-21.de\/index.php?rest_route=\/wp\/v2\/posts\/16582\/revisions\/26545"}],"wp:attachment":[{"href":"https:\/\/netzwerke-21.de\/index.php?rest_route=%2Fwp%2Fv2%2Fmedia&parent=16582"}],"wp:term":[{"taxonomy":"category","embeddable":true,"href":"https:\/\/netzwerke-21.de\/index.php?rest_route=%2Fwp%2Fv2%2Fcategories&post=16582"},{"taxonomy":"post_tag","embeddable":true,"href":"https:\/\/netzwerke-21.de\/index.php?rest_route=%2Fwp%2Fv2%2Ftags&post=16582"}],"curies":[{"name":"wp","href":"https:\/\/api.w.org\/{rel}","templated":true}]}}