{"id":16416,"date":"2016-04-12T20:04:16","date_gmt":"2016-04-12T18:04:16","guid":{"rendered":"http:\/\/netzwerke-21.de\/?p=16416"},"modified":"2017-12-07T23:58:14","modified_gmt":"2017-12-07T21:58:14","slug":"stz-der-bau-der-neckarbruecke-treibt-die-anwohner-um","status":"publish","type":"post","link":"https:\/\/netzwerke-21.de\/?p=16416","title":{"rendered":"StZ: Der Bau der Neckarbr\u00fccke treibt die Anwohner um"},"content":{"rendered":"<p>Gestern fand die Infoveranstaltung zu den geplanten Bauarbeiten der neuen Neckarbr\u00fccke in Bad Cannstatt statt. Wir hatten in unserer <a title=\"Infoveranstaltung f\u00fcr Bad Cannstatt \u00fcber den Abriss des Holzstegs und Bau der neuen Neckarbr\u00fccke\" href=\"http:\/\/netzwerke-21.de\/?p=16140\" target=\"_blank\" rel=\"noopener noreferrer\">Ank\u00fcndigung der Veranstaltung<\/a> auf Beitr\u00e4ge der beiden Stuttgarter Zeitungen hingewiesen und auch auf <a href=\"http:\/\/www.parkschuetzer.de\/statements\/189617\" target=\"_blank\" rel=\"noopener noreferrer\">Fotos von den Folien<\/a>, die die Bahnvertreter eine Woche zuvor im Bezirksbeirat Mitte pr\u00e4sentiert hatten. Die Folien der gestrigen Anwohnerveranstaltung finden Sie auf der Webseite der Projektgesellschaft <a href=\"http:\/\/www.bahnprojekt-stuttgart-ulm.de\/no_cache\/mediathek\/detail\/media\/buergerinformation-zum-bau-der-neckarbruecke-stuttgart\/mediaParameter\/show\/Medium\/\" target=\"_blank\" rel=\"noopener noreferrer\">hier.<\/a><\/p>\n<p>Die Stuttgarter Zeitung berichtet dar\u00fcber (<a title=\"StZ: Der Bau der Neckarbr\u00fccke treibt die Anwohner um\" href=\"http:\/\/www.stuttgarter-zeitung.de\/inhalt.infoabend-in-bad-cannstatt-der-bau-der-neckarbruecke-treibt-die-anwohner-um.8fd1dcec-9fbb-44c8-96dd-90a21fd0c4fa.html\" target=\"_blank\" rel=\"noopener noreferrer\">hier)<\/a> und resummiert: &#8222;<em>Ein Infoabend zum Bau der neuen Eisenbahnbr\u00fccke \u00fcber den Neckar st\u00f6\u00dft auf gro\u00dfe Resonanz. Die Anwohner sorgen sich um L\u00e4rm, um Sch\u00e4den an den Geb\u00e4uden und um das Mineralwasser. Der neue Fu\u00dfg\u00e4ngersteg wird als Verschlechterung angesehen<\/em>.&#8220;<\/p>\n<p>Erneut waren weder Bild- noch Tonaufnahmen erlaubt. Auf der Parksch\u00fctzer-Seite findet man daher unter <a href=\"http:\/\/www.parkschuetzer.de\/statements\/189655\" target=\"_blank\" rel=\"noopener noreferrer\">Katis 21:38 ein Twitter Protokoll<\/a>.<\/p>\n","protected":false},"excerpt":{"rendered":"<p>Gestern fand die Infoveranstaltung zu den geplanten Bauarbeiten der neuen Neckarbr\u00fccke in Bad Cannstatt statt. Wir hatten in unserer Ank\u00fcndigung der Veranstaltung auf Beitr\u00e4ge der beiden Stuttgarter Zeitungen hingewiesen und auch auf Fotos von den Folien, die die Bahnvertreter eine &hellip; <a href=\"https:\/\/netzwerke-21.de\/?p=16416\">Weiterlesen <span class=\"meta-nav\">&rarr;<\/span><\/a><\/p>\n","protected":false},"author":6,"featured_media":0,"comment_status":"closed","ping_status":"closed","sticky":false,"template":"","format":"standard","meta":{"footnotes":""},"categories":[83,48,8,28,41,50,13,73,10,53],"tags":[],"class_list":["post-16416","post","type-post","status-publish","format-standard","hentry","category-anwohnerveranstaltung","category-bad-cannstatt","category-bauarbeiten","category-bauinfo-kommunikationsbuero","category-baulogistik","category-fusswege","category-laerm","category-oekologie","category-veranstaltungen","category-zeitplan"],"_links":{"self":[{"href":"https:\/\/netzwerke-21.de\/index.php?rest_route=\/wp\/v2\/posts\/16416","targetHints":{"allow":["GET"]}}],"collection":[{"href":"https:\/\/netzwerke-21.de\/index.php?rest_route=\/wp\/v2\/posts"}],"about":[{"href":"https:\/\/netzwerke-21.de\/index.php?rest_route=\/wp\/v2\/types\/post"}],"author":[{"embeddable":true,"href":"https:\/\/netzwerke-21.de\/index.php?rest_route=\/wp\/v2\/users\/6"}],"replies":[{"embeddable":true,"href":"https:\/\/netzwerke-21.de\/index.php?rest_route=%2Fwp%2Fv2%2Fcomments&post=16416"}],"version-history":[{"count":6,"href":"https:\/\/netzwerke-21.de\/index.php?rest_route=\/wp\/v2\/posts\/16416\/revisions"}],"predecessor-version":[{"id":26550,"href":"https:\/\/netzwerke-21.de\/index.php?rest_route=\/wp\/v2\/posts\/16416\/revisions\/26550"}],"wp:attachment":[{"href":"https:\/\/netzwerke-21.de\/index.php?rest_route=%2Fwp%2Fv2%2Fmedia&parent=16416"}],"wp:term":[{"taxonomy":"category","embeddable":true,"href":"https:\/\/netzwerke-21.de\/index.php?rest_route=%2Fwp%2Fv2%2Fcategories&post=16416"},{"taxonomy":"post_tag","embeddable":true,"href":"https:\/\/netzwerke-21.de\/index.php?rest_route=%2Fwp%2Fv2%2Ftags&post=16416"}],"curies":[{"name":"wp","href":"https:\/\/api.w.org\/{rel}","templated":true}]}}