{"id":16140,"date":"2016-03-31T21:43:13","date_gmt":"2016-03-31T19:43:13","guid":{"rendered":"http:\/\/netzwerke-21.de\/?p=16140"},"modified":"2017-12-07T23:58:45","modified_gmt":"2017-12-07T21:58:45","slug":"infoveranstaltung-fuer-bad-cannstatt-ueber-den-abriss-des-holzstegs-und-bau-der-neuen-neckarbruecke","status":"publish","type":"post","link":"https:\/\/netzwerke-21.de\/?p=16140","title":{"rendered":"Infoveranstaltung f\u00fcr Bad Cannstatt \u00fcber den Abriss des Holzstegs und Bau der neuen Neckarbr\u00fccke"},"content":{"rendered":"<p>Am 11.April 2016, um 19 Uhr l\u00e4dt die B\u00fcrgerbeauftragte Alice Kaiser gemeinsam mit dem Bezirksvorsteher zu einer B\u00fcrgerveranstaltung in den Kleinen Saal des Kursaales ein. Den Flyer der Einladung finden Sie <a href=\"http:\/\/www.bahnprojekt-stuttgart-ulm.de\/aktuell\/kalender\/detail\/startDatum\/2016-04-11\/terminParameter\/show\/Event\/?tx_smediakalendar_pi1[event]=159&amp;cHash=5a4a8e3edd5702dd43ab8b0f412dc1a2\" target=\"_blank\" rel=\"noopener noreferrer\">hier<\/a>. Informiert werden soll \u00fcber den Abriss des Holzsteges, der ab Mai vorgesehen ist. Der Holzsteg ist der geplanten Eisenbahnbr\u00fccke f\u00fcr Stuttgart 21 im Weg. Die Esslinger Zeitung (<a title=\"60-Meter-Kran baut Holzsteg ab\" href=\"http:\/\/www.esslinger-zeitung.de\/cannstatt_artikel,-60-meter-kran-baut-holzsteg-ab-_arid,2034960.html\" target=\"_blank\" rel=\"noopener noreferrer\">hier<\/a>) berichtete dar\u00fcber.<\/p>\n<p>Allerdings ist der Start der Bauarbeiten f\u00fcr die neue Br\u00fccke zumindest auf der Seite des Rosensteinhangs wegen der fehlenden Genehmigung f\u00fcr den Eingriff in das EU-gesch\u00fctzte Naturschutzgebiet nicht absehbar. Nach dem <a title=\"StZ Bahn r\u00e4umt Fehler in Lenkungskreisinfo ein\" href=\"http:\/\/www.stuttgarter-zeitung.de\/inhalt.stuttgart-21-bahn-raeumt-fehler-in-lenkungskreisinfo-ein.671a2682-97fd-4e37-aad0-79b12fc5f9eb.html\" target=\"_blank\" rel=\"noopener noreferrer\">heutigen Bericht der StZ <\/a>kann sich das Eisenbahn-Bundesamt fr\u00fchestens Ende des Jahres, wenn auch Plan\u00e4nderung im Bereich der Ehmannstra\u00dfe genehmigt sein soll, damit befassen.<\/p>\n<p>Die Bad Cannstatter gegen Stuttgart 21 haben zum Abriss des Holzstegs und den geplanten Bauarbeiten in ihrem Stadtteil einen <a href=\"http:\/\/www.cannstatter.net\/index.php\/15-termine\/168-offener-brief-zum-geplanten-abriss-des-cannstatter-neckar-holzstegs\" target=\"_blank\" rel=\"noopener noreferrer\">offenen Brief<\/a> ver\u00f6ffentlicht.<\/p>\n<p>Am Mittwoch, den 6.April, stellen Vertreter der Bahn im Bezirksbeirat Bad Cannstatt die Pl\u00e4ne vor. <a href=\"http:\/\/www.bahnprojekt-stuttgart-ulm.de\/no_cache\/aktuell\/newsdetail\/news\/bahn-stellt-bauablauf-fuer-neue-neckarbruecke-in-bad-cannstatt-vor\/newsParameter\/detail\/News\/datum\/20160405\/\" target=\"_blank\" rel=\"noopener noreferrer\">Die Pressemeldung der Projektgesellschaft Stuttgart-Ulm GmbH zur Infoveranstaltung <\/a>enth\u00e4lt eine\u00a0 Animation der geplanten Neckarbr\u00fccke:<\/p>\n<p><img loading=\"lazy\" decoding=\"async\" class=\"\" src=\"http:\/\/www.bahnprojekt-stuttgart-ulm.de\/typo3temp\/pics\/59e45befd4.jpg\" alt=\"\" width=\"614\" height=\"259\" \/><\/p>\n<p><strong>Update Berichterstattungen und Materialien im Vorfeld der Infoveranstaltung:<\/strong><\/p>\n<p><a title=\"StN Neue Neckarbr\u00fccke f\u00fcr Zug und Fahrrad\" href=\"http:\/\/www.stuttgarter-zeitung.de\/inhalt.stuttgart-21-neue-neckarbruecke-fuer-zug-und-fahrrad.ee8b7f4b-b2ac-4323-a955-cae06310cb14.html\" target=\"_blank\" rel=\"noopener noreferrer\">StZ: Neue Neckarbr\u00fccke- f\u00fcr Zug und Fahrrad<\/a> \/ <a title=\"StZ: Gremium bef\u00fcrchtet L\u00e4rmbel\u00e4stigung\" href=\"http:\/\/www.stuttgarter-zeitung.de\/inhalt.neue-neckarbruecke-in-bad-cannstatt-gremium-befuerchtet-laermbelastung.2fbb0db0-cbc6-41e9-8b39-e43b36da4b5b.html\" target=\"_blank\" rel=\"noopener noreferrer\">StZ: Gremium bef\u00fcrchtet L\u00e4rmbel\u00e4stigung<\/a> \/ <a title=\"StZ: Infoabend zur neuen Neckarbr\u00fccke\" href=\"http:\/\/www.stuttgarter-zeitung.de\/inhalt.bad-cannstatt-infoabend-zur-neuen-neckarbruecke.e1c0145f-dcfc-48c7-903e-e63c6ac0a3ed.html\" target=\"_blank\" rel=\"noopener noreferrer\">StZ: Infoabend zur neuen Neckarbr\u00fccke<\/a> \/ <a href=\"http:\/\/www.parkschuetzer.de\/statements\/189617\" target=\"_blank\" rel=\"noopener noreferrer\">Pr\u00e4sentation der Bahn im Bezirksbeirat Bad Cannstatt vom 6.April 2016<\/a>.<\/p>\n","protected":false},"excerpt":{"rendered":"<p>Am 11.April 2016, um 19 Uhr l\u00e4dt die B\u00fcrgerbeauftragte Alice Kaiser gemeinsam mit dem Bezirksvorsteher zu einer B\u00fcrgerveranstaltung in den Kleinen Saal des Kursaales ein. Den Flyer der Einladung finden Sie hier. Informiert werden soll \u00fcber den Abriss des Holzsteges, &hellip; <a href=\"https:\/\/netzwerke-21.de\/?p=16140\">Weiterlesen <span class=\"meta-nav\">&rarr;<\/span><\/a><\/p>\n","protected":false},"author":6,"featured_media":0,"comment_status":"closed","ping_status":"closed","sticky":false,"template":"","format":"standard","meta":{"footnotes":""},"categories":[83,48,8,31,74,13,73,34,26,10,24,53],"tags":[],"class_list":["post-16140","post","type-post","status-publish","format-standard","hentry","category-anwohnerveranstaltung","category-bad-cannstatt","category-bauarbeiten","category-eisenbahn-bundesamt","category-fahrradwege","category-laerm","category-oekologie","category-planfeststellung","category-stadt-stuttgart","category-veranstaltungen","category-verkehr","category-zeitplan"],"_links":{"self":[{"href":"https:\/\/netzwerke-21.de\/index.php?rest_route=\/wp\/v2\/posts\/16140","targetHints":{"allow":["GET"]}}],"collection":[{"href":"https:\/\/netzwerke-21.de\/index.php?rest_route=\/wp\/v2\/posts"}],"about":[{"href":"https:\/\/netzwerke-21.de\/index.php?rest_route=\/wp\/v2\/types\/post"}],"author":[{"embeddable":true,"href":"https:\/\/netzwerke-21.de\/index.php?rest_route=\/wp\/v2\/users\/6"}],"replies":[{"embeddable":true,"href":"https:\/\/netzwerke-21.de\/index.php?rest_route=%2Fwp%2Fv2%2Fcomments&post=16140"}],"version-history":[{"count":17,"href":"https:\/\/netzwerke-21.de\/index.php?rest_route=\/wp\/v2\/posts\/16140\/revisions"}],"predecessor-version":[{"id":26551,"href":"https:\/\/netzwerke-21.de\/index.php?rest_route=\/wp\/v2\/posts\/16140\/revisions\/26551"}],"wp:attachment":[{"href":"https:\/\/netzwerke-21.de\/index.php?rest_route=%2Fwp%2Fv2%2Fmedia&parent=16140"}],"wp:term":[{"taxonomy":"category","embeddable":true,"href":"https:\/\/netzwerke-21.de\/index.php?rest_route=%2Fwp%2Fv2%2Fcategories&post=16140"},{"taxonomy":"post_tag","embeddable":true,"href":"https:\/\/netzwerke-21.de\/index.php?rest_route=%2Fwp%2Fv2%2Ftags&post=16140"}],"curies":[{"name":"wp","href":"https:\/\/api.w.org\/{rel}","templated":true}]}}