{"id":1592,"date":"2014-01-04T17:37:07","date_gmt":"2014-01-04T15:37:07","guid":{"rendered":"http:\/\/netzwerke-21.de\/?p=1592"},"modified":"2017-12-08T00:42:10","modified_gmt":"2017-12-07T22:42:10","slug":"verlegung-ssb-haltestelle-staatsgalerie-und-unterfahrung-b14-im-bezirksbeirat","status":"publish","type":"post","link":"https:\/\/netzwerke-21.de\/?p=1592","title":{"rendered":"&#8222;Verlegung SSB-Haltestelle Staatsgalerie&#8220; und &#8222;Unterfahrung B14&#8220; am 13. Januar im Bezirksbeirat Mitte"},"content":{"rendered":"<p>Am Montag, den 13. Januar 2014, wird ein Vertreter des Tiefbauamtes in einer \u00f6ffentlichen Sitzung des Bezirksbeirats Mitte \u00fcber die geplante Verlegung der Stadtbahnhaltestelle Staatsgalerie und die Verl\u00e4ngerung der Unterfahrung Gebhardt M\u00fcller-Platz berichten. Die Sitzung beginnt um 18 Uhr im Kleinen Sitzungssaal des Rathauses. Diese Themen wurden bereits Ende Oktober 2013\u00a0<a href=\"http:\/\/netzwerke-21.de\/?p=517\" target=\"_blank\" rel=\"noopener noreferrer\"> im Umwelt- und Technikausschuss des Gemeinderates behandelt<\/a>. Sie finden hier dazu die damaligen Vorlagen des Technikreferats zur <a href=\"http:\/\/netzwerke-21.de\/wordpress\/wp-content\/uploads\/20131022_877-2013.pdf\" target=\"_blank\" rel=\"noopener noreferrer\">Stadtbahnverlegung<\/a> und der <a href=\"http:\/\/netzwerke-21.de\/wordpress\/wp-content\/uploads\/20131022_474-2013.pdf\" target=\"_blank\" rel=\"noopener noreferrer\">\u00dcberdeckelung der B14<\/a>. Korrekterweise geh\u00f6rt die Behandlung der Vorlagen zuerst in den Bezirksbeirat. In diesem Falle wurde er jedoch ausgelassen und bekommt jetzt erst auf sein Dr\u00e4ngen hin mitgeteilt, was geplant ist. Von den geplanten jahrelangen Bauarbeiten bis 2019 werden die Bewohner des Kernerviertels durch den Baul\u00e4rm und -dreck\u00a0 sowie den Schleichverkehr wegen der Behinderungen auf der B14 unmittelbar betroffen sein.<\/p>\n<p>Da kein Vertreter von Seiten der SSB auf der Sitzung des Bezirksbeirats angek\u00fcndigt ist, ist nicht zu erwarten, dass die <a href=\"http:\/\/netzwerke-21.de\/?p=1243\" target=\"_blank\" rel=\"noopener noreferrer\">Auswirkungen der Stadtbahnverlegung auf den Linienverkehr<\/a> behandelt werden. Die <a title=\"Stadtanzeiger Ziegt die Bahn auch die SSB ins Chaos?\" href=\"http:\/\/www.stadtanzeiger-im-netz.de\/lokales\/zieht-bahn-auch-ssb-ins-chaos\" target=\"_blank\" rel=\"noopener noreferrer\">SSB-Sprecherin Susanne Schupp hatte zwar best\u00e4tigt, dass die Verkehrsgesellschaft mit Einschr\u00e4nkungen rechne und ein neues Betriebskonzept erstellt werde.<\/a><\/p>\n<p><a title=\"StN Stuttgart 21 bringt SSB ab 2014 aus dem Takt\" href=\"http:\/\/www.stuttgarter-nachrichten.de\/inhalt.haltestelle-staatsgalerie-stuttgart-21-bringt-ssb-ab-2014-aus-dem-takt.e6b9c89f-eb5a-4b8a-9ef1-76040fa8e5c4.html\" target=\"_blank\" rel=\"noopener noreferrer\">Bei den neuen Gleise unter der Schillerstra\u00dfe ist die SSB jedoch vom Zeitplan der Bahn abh\u00e4ngig,<\/a> d.h. wie und wann die Bahn die <a href=\"http:\/\/www.geologie21.de\/stuttgart-mineralwasser-mineralquellen\/stuttgart-nesenbach-nesenbachdueker.html\">Verlegung des Nesenbachs in einen D\u00fcker <\/a>realisieren kann. Diese Bauarbeiten, f\u00fcr die sich<a title=\"StZ Nesenbachd\u00fcker Bieter beklagen sich \u00fcber die Bahn\" href=\"http:\/\/www.stuttgarter-zeitung.de\/inhalt.nesenbachdueker-bieter-beklagen-sich-ueber-die-bahn.19f9605d-06b7-4f52-8554-f59760b21557.html\"> bei den ersten \u00f6ffentlichen Ausschreibungen kein Bieter beteiligte<\/a>, befinden sich mittlerweile mehrere Jahre in Verzug. Derzeit ist dazu noch ein <a title=\"StN Neue Genehmigung n\u00f6tig - n\u00e4chste \u00c4nderung beim Bahnprojekt Stuttgart 21\" href=\"http:\/\/www.stuttgarter-nachrichten.de\/inhalt.neue-genehmigung-noetig-naechste-aenderung-beim-bahnprojekt-stuttgart-21.382ed135-9365-4418-8913-258f2a99380d.html\" target=\"_blank\" rel=\"noopener noreferrer\">weiteres Plan\u00e4nderungsverfahren beim Eisenbahnbundesamt anh\u00e4ngig<\/a>.\u00a0<a title=\"StN Stuttgart 21 BUND warnt vor Risiken durch neuen Kanalbau\" href=\"http:\/\/www.stuttgarter-nachrichten.de\/inhalt.stuttgart-21-bund-warnt-vor-risiken-durch-neuen-kanalbau.906d810e-175c-4a7a-9e7e-e12d73123403.html\">Der BUND hat dazu bereits in seiner Stellungnahmen Bedenken ge\u00e4u\u00dfert und u.a. auf Risiken f\u00fcr das Mineralwasser hingewiesen<\/a>.<\/p>\n","protected":false},"excerpt":{"rendered":"<p>Am Montag, den 13. Januar 2014, wird ein Vertreter des Tiefbauamtes in einer \u00f6ffentlichen Sitzung des Bezirksbeirats Mitte \u00fcber die geplante Verlegung der Stadtbahnhaltestelle Staatsgalerie und die Verl\u00e4ngerung der Unterfahrung Gebhardt M\u00fcller-Platz berichten. Die Sitzung beginnt um 18 Uhr im &hellip; <a href=\"https:\/\/netzwerke-21.de\/?p=1592\">Weiterlesen <span class=\"meta-nav\">&rarr;<\/span><\/a><\/p>\n","protected":false},"author":6,"featured_media":0,"comment_status":"closed","ping_status":"closed","sticky":false,"template":"","format":"standard","meta":{"footnotes":""},"categories":[83,8,6,21,13,60,11,26,64,58,10,24],"tags":[],"class_list":["post-1592","post","type-post","status-publish","format-standard","hentry","category-anwohnerveranstaltung","category-bauarbeiten","category-grundwassermanagement","category-kernerviertel","category-laerm","category-nesenbachdueker","category-ssb","category-stadt-stuttgart","category-staedtebau","category-tiefbahnhof","category-veranstaltungen","category-verkehr"],"_links":{"self":[{"href":"https:\/\/netzwerke-21.de\/index.php?rest_route=\/wp\/v2\/posts\/1592","targetHints":{"allow":["GET"]}}],"collection":[{"href":"https:\/\/netzwerke-21.de\/index.php?rest_route=\/wp\/v2\/posts"}],"about":[{"href":"https:\/\/netzwerke-21.de\/index.php?rest_route=\/wp\/v2\/types\/post"}],"author":[{"embeddable":true,"href":"https:\/\/netzwerke-21.de\/index.php?rest_route=\/wp\/v2\/users\/6"}],"replies":[{"embeddable":true,"href":"https:\/\/netzwerke-21.de\/index.php?rest_route=%2Fwp%2Fv2%2Fcomments&post=1592"}],"version-history":[{"count":18,"href":"https:\/\/netzwerke-21.de\/index.php?rest_route=\/wp\/v2\/posts\/1592\/revisions"}],"predecessor-version":[{"id":26589,"href":"https:\/\/netzwerke-21.de\/index.php?rest_route=\/wp\/v2\/posts\/1592\/revisions\/26589"}],"wp:attachment":[{"href":"https:\/\/netzwerke-21.de\/index.php?rest_route=%2Fwp%2Fv2%2Fmedia&parent=1592"}],"wp:term":[{"taxonomy":"category","embeddable":true,"href":"https:\/\/netzwerke-21.de\/index.php?rest_route=%2Fwp%2Fv2%2Fcategories&post=1592"},{"taxonomy":"post_tag","embeddable":true,"href":"https:\/\/netzwerke-21.de\/index.php?rest_route=%2Fwp%2Fv2%2Ftags&post=1592"}],"curies":[{"name":"wp","href":"https:\/\/api.w.org\/{rel}","templated":true}]}}