{"id":1579,"date":"2014-01-01T17:55:59","date_gmt":"2014-01-01T15:55:59","guid":{"rendered":"http:\/\/netzwerke-21.de\/?p=1579"},"modified":"2014-01-24T12:52:15","modified_gmt":"2014-01-24T10:52:15","slug":"stn-neustart-fuer-genehmigungsverfahren-abstellbahnhof-in-untertuerkheim","status":"publish","type":"post","link":"https:\/\/netzwerke-21.de\/?p=1579","title":{"rendered":"StN: Neustart f\u00fcr Genehmigungsverfahren &#8222;Abstellbahnhof in Untert\u00fcrkheim&#8220; ?"},"content":{"rendered":"<p>Die Stuttgarter Nachrichten berichteten in ihrer <a title=\"STN Stuttgart 21 Genehmigung f\u00fcr Abstellbahnhof in Untert\u00fcrkheim fehlt\" href=\"http:\/\/www.stuttgarter-nachrichten.de\/inhalt.stuttgart-21-genehmigung-fuer-abstellbahnhof-in-untertuerkheim-fehlt.c1b239ea-6c23-430f-93aa-b2560bc9bf4f.html\" target=\"_blank\">Printausgabe vom 30.12.2013<\/a>, dass das seit \u00fcber drei Jahren ruhende Planfeststellungsverfahren f\u00fcr den Untert\u00fcrkheimer Abstellbahnhof (Abschnitt 1.6b ) wegen berechtigter Einwendungen zum L\u00e4rmschutz und der \u00d6kologie von der Bahn neu gestartet werden muss.<\/p>\n<p>Die betroffenen Anwohner in Untert\u00fcrkheim und Luginsland bem\u00e4ngelten <a title=\"StZ Stuttgart 21 &quot;Die Bahn hat ihre Glaubw\u00fcrdigkeit verspielt&quot;\" href=\"http:\/\/www.stuttgarter-zeitung.de\/inhalt.stuttgart-21-die-bahn-hat-ihre-glaubwuerdigkeit-verspielt-page1.00613fc4-e408-43af-b15c-6b73341b6c22.html\" target=\"_blank\">bereits 2010 in ihren Einwendungen<\/a>, dass in den ausgelegten Planunterlagen der Bahn trotz geplanter <a title=\"StZ Um den L\u00e4rm ist es seltsam still geworden\" href=\"http:\/\/www.stuttgarter-zeitung.de\/inhalt.um-den-laerm-ist-es-seltsam-still-geworden.218e89db-53be-4de3-8d9d-ec885b750b09.html\">Dezibelwerte von \u00fcber 105 (besonders nachts)<\/a> keinerlei L\u00e4rmschutz\u00a0 vorgesehen sei und L\u00e4rmschallberechnungen f\u00fcr die Wohnbebauung am Hang Richtung Luginsland fehlten. Das Infob\u00fcndnis Zukunft Schiene &#8211; Obere Neckarvororte &#8211; wollte daher 2012 eine n\u00e4chtliche L\u00e4rmsimulation auf dem Gel\u00e4nde durchf\u00fchren. Sie sollte den betroffenen Anwohnern in Untert\u00fcrkheim und Luginsland verdeutlichen, welcher hohe L\u00e4rmpegel entstehen w\u00fcrde, wenn der geplante Servicebahnhof in Betrieb geht. Diese L\u00e4rmsimulation wurde jedoch<a title=\"StZ Stuttgart 21 Ordnungsamt stoppt geplante L\u00e4rmsimulation\" href=\"http:\/\/www.stuttgarter-zeitung.de\/inhalt.stuttgart-21-ordnungsamt-stoppt-geplante-laermsimulation.ed7cf93d-376d-4262-9ee0-c6aeb9e18214.html\" target=\"_blank\"> vom Ordnungsamt der Stadt Stuttgart\u00a0 wegen \u00dcberschreitung der zul\u00e4ssigen Grenzwerte <\/a> abgelehnt.<\/p>\n<p>Weiter Informationen zum geplanten Abstellbahnfhof und den Folgen f\u00fcr die betroffenen Anwohner finden Sie auf der <a href=\"http:\/\/www.wirtemberg.de\/initiative.htm\" target=\"_blank\">Webseite des Infob\u00fcndnis Zukunft Schiene &#8211; Obere Neckarvororte<\/a> &#8211; , dem von ihnen herausgegebenen Flyer\u00a0 <a href=\"http:\/\/infooffensive.de\/wp-content\/uploads\/Untertuerkheim_schlaflos_web.pdf\" target=\"_blank\">&#8222;Schlaflos in Unter\u00fcrkheim&#8220;<\/a> , dem <a href=\"http:\/\/www.tunnelblick.es\/press\/wp-content\/uploads\/2013\/05\/ES21_Tunnelblick-34a.pdf\" target=\"_blank\">Tunnelblick vom Mai 2013<\/a> und in der <a href=\"http:\/\/www.cannstatter.net\/dokumente\/Laufdemo_Uth_11.05.13%20Reichert.pdf\">Rede von Sabine Reichert<\/a> \/ Infob\u00fcndnis Zukunft Schiene &#8211; obere Neckarvororte &#8211; auf der <a title=\"cam21 \u00fcber die 4.Laufdemo am 11.5.2013\" href=\"http:\/\/cams21.de\/stuttgart-21-4-laufdemo-in-unterturkheim-am-11-05-2013-live\/\" target=\"_blank\">4.Laufdemo 2013<\/a>.<\/p>\n","protected":false},"excerpt":{"rendered":"<p>Die Stuttgarter Nachrichten berichteten in ihrer Printausgabe vom 30.12.2013, dass das seit \u00fcber drei Jahren ruhende Planfeststellungsverfahren f\u00fcr den Untert\u00fcrkheimer Abstellbahnhof (Abschnitt 1.6b ) wegen berechtigter Einwendungen zum L\u00e4rmschutz und der \u00d6kologie von der Bahn neu gestartet werden muss. Die &hellip; <a href=\"https:\/\/netzwerke-21.de\/?p=1579\">Weiterlesen <span class=\"meta-nav\">&rarr;<\/span><\/a><\/p>\n","protected":false},"author":6,"featured_media":0,"comment_status":"closed","ping_status":"closed","sticky":false,"template":"","format":"standard","meta":{"footnotes":""},"categories":[13,34,22],"tags":[],"class_list":["post-1579","post","type-post","status-publish","format-standard","hentry","category-laerm","category-planfeststellung","category-untertuerkheim"],"_links":{"self":[{"href":"https:\/\/netzwerke-21.de\/index.php?rest_route=\/wp\/v2\/posts\/1579","targetHints":{"allow":["GET"]}}],"collection":[{"href":"https:\/\/netzwerke-21.de\/index.php?rest_route=\/wp\/v2\/posts"}],"about":[{"href":"https:\/\/netzwerke-21.de\/index.php?rest_route=\/wp\/v2\/types\/post"}],"author":[{"embeddable":true,"href":"https:\/\/netzwerke-21.de\/index.php?rest_route=\/wp\/v2\/users\/6"}],"replies":[{"embeddable":true,"href":"https:\/\/netzwerke-21.de\/index.php?rest_route=%2Fwp%2Fv2%2Fcomments&post=1579"}],"version-history":[{"count":10,"href":"https:\/\/netzwerke-21.de\/index.php?rest_route=\/wp\/v2\/posts\/1579\/revisions"}],"predecessor-version":[{"id":1590,"href":"https:\/\/netzwerke-21.de\/index.php?rest_route=\/wp\/v2\/posts\/1579\/revisions\/1590"}],"wp:attachment":[{"href":"https:\/\/netzwerke-21.de\/index.php?rest_route=%2Fwp%2Fv2%2Fmedia&parent=1579"}],"wp:term":[{"taxonomy":"category","embeddable":true,"href":"https:\/\/netzwerke-21.de\/index.php?rest_route=%2Fwp%2Fv2%2Fcategories&post=1579"},{"taxonomy":"post_tag","embeddable":true,"href":"https:\/\/netzwerke-21.de\/index.php?rest_route=%2Fwp%2Fv2%2Ftags&post=1579"}],"curies":[{"name":"wp","href":"https:\/\/api.w.org\/{rel}","templated":true}]}}