{"id":15275,"date":"2016-02-27T08:24:12","date_gmt":"2016-02-27T06:24:12","guid":{"rendered":"http:\/\/netzwerke-21.de\/?p=15275"},"modified":"2017-12-27T00:44:46","modified_gmt":"2017-12-26T22:44:46","slug":"stz-ueber-geplantes-schwallbauwerk-im-kernerviertel","status":"publish","type":"post","link":"https:\/\/netzwerke-21.de\/?p=15275","title":{"rendered":"StZ berichtet \u00fcber geplantes Schwallbauwerk im Kernerviertel. Ingenieure 22 kritisieren L\u00e4rmgutachten zur Plan\u00e4nderung"},"content":{"rendered":"<p>Die beiden Stuttgarter Zeitungen berichteten gestern in ihrem Innenstadtteil mit dem Titel &#8222;<em>Die \u00c4sthetik zweier senkrechter L\u00f6cher&#8220;<\/em>(<a title=\"StZ Die \u00c4sthetik zweier senkrechter L\u00f6cher\" href=\"http:\/\/www.stuttgarter-zeitung.de\/inhalt.stuttgart-21-die-aesthetik-zweier-senkrechter-loecher.2d77fb34-0b18-446d-b52b-467ced059c4d.html\" target=\"_blank\" rel=\"noopener noreferrer\">hier<\/a>) \u00fcber die <a title=\"Neues Entrauchungskonzept beim Tiefbahnhof geplant. Netzwerk Kernerviertel hakt beim EBA wegen Plan\u00e4nderung Schwallbauwerk nach\" href=\"http:\/\/netzwerke-21.de\/?p=14909\" target=\"_blank\" rel=\"noopener noreferrer\">Kritik des Netzwerks Kernerviertel am geplanten\u00a0 16 Meter hohen Schwallbauwerk S\u00fcd und dem unzureichenden immissionsrechtlichen Gutachten zur 15.Plan\u00e4nderung<\/a>.<\/p>\n<p><img loading=\"lazy\" decoding=\"async\" class=\"attachment-900x900\" src=\"http:\/\/netzwerke-21.de\/wordpress\/wp-content\/uploads\/Schwallbauwerk-2.jpg\" alt=\"Schwallbauwerk 2\" width=\"603\" height=\"338\" \/><\/p>\n<p>Nicht nur das Netzwerk Kernerviertel, sondern auch Dipl. Ing. Hans Heydemann von den Ingenieuren 22 hat sich an das Eisenbahn-Bundesamt wegen der unzureichenden und aus seiner Sicht deutlich zu niedrigen L\u00e4rmberechnung f\u00fcr den Betrieb des Schwallbauwerk S\u00fcd an das Eisenbahn-Bundesamt gewandt (<a href=\"http:\/\/netzwerke-21.de\/wordpress\/wp-content\/uploads\/EBA-Bewertg.-Schallgutachten-Fritz-190216.pdf\" target=\"_blank\" rel=\"noopener noreferrer\">Schreiben<\/a> \/ <a href=\"http:\/\/netzwerke-21.de\/wordpress\/wp-content\/uploads\/Wertung-Fritz-Gutachten-S21-130216.pdf\" target=\"_blank\" rel=\"noopener noreferrer\">Bewertung Schallgutachten<\/a>). Hans Heydemann kommt in seiner Stellungnahme zu folgendem Schlu\u00df: <em>&#8222;Das vorliegende Schalltechnische Fachgutachten des Ingenieurb\u00fcro FRITZ GmbH v. 23.3.2015 sollte f\u00fcr das Tunnelgeflecht des Vorhabens \u201eStuttgart21\u201c den Nachweis erbringen, da\u00df die festgelegten Schutzziele f\u00fcr die Schallimmissionen in die Nachbarschaft gew\u00e4hrleistet werden. Dieses Ziel wird jedoch nicht erreicht. Die Aussagen des Schallgutachters IB Fritz sind grob fehlerhaft und unzutreffend.&#8220;<\/em><\/p>\n","protected":false},"excerpt":{"rendered":"<p>Die beiden Stuttgarter Zeitungen berichteten gestern in ihrem Innenstadtteil mit dem Titel &#8222;Die \u00c4sthetik zweier senkrechter L\u00f6cher&#8220;(hier) \u00fcber die Kritik des Netzwerks Kernerviertel am geplanten\u00a0 16 Meter hohen Schwallbauwerk S\u00fcd und dem unzureichenden immissionsrechtlichen Gutachten zur 15.Plan\u00e4nderung. Nicht nur das &hellip; <a href=\"https:\/\/netzwerke-21.de\/?p=15275\">Weiterlesen <span class=\"meta-nav\">&rarr;<\/span><\/a><\/p>\n","protected":false},"author":6,"featured_media":0,"comment_status":"closed","ping_status":"closed","sticky":false,"template":"","format":"standard","meta":{"footnotes":""},"categories":[69,37,85,21,13],"tags":[],"class_list":["post-15275","post","type-post","status-publish","format-standard","hentry","category-brandschutz","category-entrauchungsbauwerke","category-ingenieure22","category-kernerviertel","category-laerm"],"_links":{"self":[{"href":"https:\/\/netzwerke-21.de\/index.php?rest_route=\/wp\/v2\/posts\/15275","targetHints":{"allow":["GET"]}}],"collection":[{"href":"https:\/\/netzwerke-21.de\/index.php?rest_route=\/wp\/v2\/posts"}],"about":[{"href":"https:\/\/netzwerke-21.de\/index.php?rest_route=\/wp\/v2\/types\/post"}],"author":[{"embeddable":true,"href":"https:\/\/netzwerke-21.de\/index.php?rest_route=\/wp\/v2\/users\/6"}],"replies":[{"embeddable":true,"href":"https:\/\/netzwerke-21.de\/index.php?rest_route=%2Fwp%2Fv2%2Fcomments&post=15275"}],"version-history":[{"count":7,"href":"https:\/\/netzwerke-21.de\/index.php?rest_route=\/wp\/v2\/posts\/15275\/revisions"}],"predecessor-version":[{"id":26890,"href":"https:\/\/netzwerke-21.de\/index.php?rest_route=\/wp\/v2\/posts\/15275\/revisions\/26890"}],"wp:attachment":[{"href":"https:\/\/netzwerke-21.de\/index.php?rest_route=%2Fwp%2Fv2%2Fmedia&parent=15275"}],"wp:term":[{"taxonomy":"category","embeddable":true,"href":"https:\/\/netzwerke-21.de\/index.php?rest_route=%2Fwp%2Fv2%2Fcategories&post=15275"},{"taxonomy":"post_tag","embeddable":true,"href":"https:\/\/netzwerke-21.de\/index.php?rest_route=%2Fwp%2Fv2%2Ftags&post=15275"}],"curies":[{"name":"wp","href":"https:\/\/api.w.org\/{rel}","templated":true}]}}