{"id":15142,"date":"2016-02-20T20:11:02","date_gmt":"2016-02-20T18:11:02","guid":{"rendered":"http:\/\/netzwerke-21.de\/?p=15142"},"modified":"2017-12-08T00:01:24","modified_gmt":"2017-12-07T22:01:24","slug":"anwohnerveranstaltung-in-untertuerkheim-am-01-maerz","status":"publish","type":"post","link":"https:\/\/netzwerke-21.de\/?p=15142","title":{"rendered":"Anwohnerveranstaltung in Untert\u00fcrkheim am 01.M\u00e4rz"},"content":{"rendered":"<p>Nach <a title=\"Hotelgutscheine sind laut Bahn passiver Schallschutz. Zur Anwohnerveranstaltung in Wangen\" href=\"http:\/\/netzwerke-21.de\/?p=15036\" target=\"_blank\" rel=\"noopener noreferrer\">Wangen<\/a> und <a href=\"http:\/\/netzwerke-21.de\/?p=14720\" target=\"_blank\" rel=\"noopener noreferrer\">Obert\u00fcrkheim<\/a> l\u00e4dt die B\u00fcrgerbeauftragte Alice Kaiser in Kooperation mit der Bezirksvorsteherin Dagmar Wenzel am 1.M\u00e4rz 2016, um 19 Uhr zu einem Informationsabend f\u00fcr die vom Tunnelbau bei Stuttgart 21 betroffenen Anwohner in Untert\u00fcrkheim ein. Die Veranstaltung findet in der S\u00e4ngerhalle statt.<\/p>\n<p>Laut <a title=\"Informationsabend zu Stuttgart 21 in Untert\u00fcrkheim\" href=\"http:\/\/www.stuttgart.de\/item\/show\/273273\/1\/9\/590480\" target=\"_blank\" rel=\"noopener noreferrer\">Einladung, die auf der Webseite der Stadt Stuttgart zu finden ist<\/a>, soll in dieser Veranstaltung \u00fcber die anstehenden Trog- und Tunnelbauarbeiten sowie die vorbereitenden Arbeiten f\u00fcr die sp\u00e4tere Verlegung des Abwasserkanals im Bereich der Benz- und Augsburger Stra\u00dfe informiert werden. \u00dcber die bislang noch nicht genehmigte Plan\u00e4nderung zum Wartungsbahnhof Untert\u00fcrkheim (Abschnitt 1.6b) ist eine gesonderte Veranstaltung geplant.<\/p>\n<p>Sowohl das Infob\u00fcndnis Zukunft Schiene -obere Neckarvororte- (<a href=\"http:\/\/netzwerke-21.de\/wordpress\/wp-content\/uploads\/Fragen_01.03.2016_ZukunftSchiene.pdf\" target=\"_blank\" rel=\"noopener noreferrer\">hier<\/a>) als auch das Netzwerk Wangen\/Untert\u00fcrkheim (<a href=\"http:\/\/netzwerke-21.de\/wordpress\/wp-content\/uploads\/2016-03-PFA1_6a_Fragen-gek5.pdf\" target=\"_blank\" rel=\"noopener noreferrer\">hier<\/a>) haben im Vorfeld der Veranstaltung der B\u00fcrgerbeauftragten einen Fragenkatalog zu den Themen Bauplanung, Stra\u00dfen- und Fahrradwegsperrungen, Immissionen und Unterfahrung zukommen lassen.<\/p>\n<p>Der Stadtteil Unter\u00fcrkheim ist von den Bauarbeiten f\u00fcr Stuttgart 21 besonders betroffen. \u00dcber die schweren Ersch\u00fctterungen bei den vorbereitenden Bauarbeiten des Trogbaus haben wir mehrfach berichtet. Seit <a title=\"Bezirksbeiratssitzung in Untert\u00fcrkheim: Viel L\u00e4rm bei Stuttgart 21 und kein Schutzkonzept\" href=\"http:\/\/netzwerke-21.de\/?p=5248\" target=\"_blank\" rel=\"noopener noreferrer\">der letzten Bezirksbeiratssitzung im November 2014<\/a>, als Vertreter der Projektgesellschaft Stuttgart-Ulm GmbH (PSU) \u00fcber die anstehenden Bauarbeiten informierten, hat sich jedoch im Bereich des geplanten Trogs nicht viel getan. Nach den P<a href=\"http:\/\/www.bahnprojekt-stuttgart-ulm.de\/no_cache\/mediathek\/detail\/media\/baumassnahmen-im-bereich-obertuerkheim-und-untertuerkheim\/mediaParameter\/show\/Medium\/\" target=\"_blank\" rel=\"noopener noreferrer\">r\u00e4sentation vom Februar 2013 bzw. November 2014<\/a> sollten diese Arbeiten bereits im 4.Quartal 2013 bzw. im 2.Quartal 2015 beginnen.<\/p>\n<p><img loading=\"lazy\" decoding=\"async\" class=\"attachment-900x900\" src=\"http:\/\/netzwerke-21.de\/wordpress\/wp-content\/uploads\/UT-Auszug-2014-12.jpg\" alt=\"UT Auszug 2014 12\" width=\"594\" height=\"447\" \/><\/p>\n<p>Die <a href=\"http:\/\/www.biss21.de\/\" target=\"_blank\" rel=\"noopener noreferrer\">Bisskarte<\/a> weist zwar h\u00f6here Wert auf. Die Geb\u00e4ude des Lindenschulviertels sollen in einer extrem knappen Unterfahrung von 8-10 Meter im weichen Neckarkies unterfahren werden, da man jeweils den Tunnelquerschnitt und die Keller der Geb\u00e4ude abrechnen muss:<\/p>\n<p><img loading=\"lazy\" decoding=\"async\" class=\"attachment-900x900\" src=\"http:\/\/netzwerke-21.de\/wordpress\/wp-content\/uploads\/Lindenschulviertel1-1024x604.jpg\" alt=\"Lindenschulviertel\" width=\"598\" height=\"353\" \/><\/p>\n<p>Bislang war geplant, dass die Unterfahrung des Viertels von Obert\u00fcrkheim aus erfolgen soll.\u00a0 <a href=\"http:\/\/netzwerke-21.de\/?p=14720\" target=\"_blank\" rel=\"noopener noreferrer\">Doch die Bauarbeiten sind dort wegen einer eingereichten Plan\u00e4nderung zum Wegfall des Einschubbauwerks noch nicht angelaufen.<\/a> Die Bahn rechnet selbst erst mit einer Genehmigung im August 2016. Auf der Anwohnerveranstaltung am letzten Mittwoch hat der Abschnittsleiter f\u00fcr die beiden PFAs 1.2 und 1.6a daher angek\u00fcndigt, dass von Wangen aus bis Ende Dezember 2016 der Tunnelvortrieb Richtung Obert\u00fcrkheim und damit auch f\u00fcr Untert\u00fcrkheim realisiert werden soll.<\/p>\n","protected":false},"excerpt":{"rendered":"<p>Nach Wangen und Obert\u00fcrkheim l\u00e4dt die B\u00fcrgerbeauftragte Alice Kaiser in Kooperation mit der Bezirksvorsteherin Dagmar Wenzel am 1.M\u00e4rz 2016, um 19 Uhr zu einem Informationsabend f\u00fcr die vom Tunnelbau bei Stuttgart 21 betroffenen Anwohner in Untert\u00fcrkheim ein. Die Veranstaltung findet &hellip; <a href=\"https:\/\/netzwerke-21.de\/?p=15142\">Weiterlesen <span class=\"meta-nav\">&rarr;<\/span><\/a><\/p>\n","protected":false},"author":6,"featured_media":0,"comment_status":"closed","ping_status":"closed","sticky":false,"template":"","format":"standard","meta":{"footnotes":""},"categories":[83,8,71,32,27,12,18,26,4,22,10,53],"tags":[],"class_list":["post-15142","post","type-post","status-publish","format-standard","hentry","category-anwohnerveranstaltung","category-bauarbeiten","category-baufortschritt","category-beweissicherung","category-erschuetterungen","category-gebaeuderisiken","category-schreiben-netzwerke","category-stadt-stuttgart","category-unterfahrung","category-untertuerkheim","category-veranstaltungen","category-zeitplan"],"_links":{"self":[{"href":"https:\/\/netzwerke-21.de\/index.php?rest_route=\/wp\/v2\/posts\/15142","targetHints":{"allow":["GET"]}}],"collection":[{"href":"https:\/\/netzwerke-21.de\/index.php?rest_route=\/wp\/v2\/posts"}],"about":[{"href":"https:\/\/netzwerke-21.de\/index.php?rest_route=\/wp\/v2\/types\/post"}],"author":[{"embeddable":true,"href":"https:\/\/netzwerke-21.de\/index.php?rest_route=\/wp\/v2\/users\/6"}],"replies":[{"embeddable":true,"href":"https:\/\/netzwerke-21.de\/index.php?rest_route=%2Fwp%2Fv2%2Fcomments&post=15142"}],"version-history":[{"count":31,"href":"https:\/\/netzwerke-21.de\/index.php?rest_route=\/wp\/v2\/posts\/15142\/revisions"}],"predecessor-version":[{"id":26555,"href":"https:\/\/netzwerke-21.de\/index.php?rest_route=\/wp\/v2\/posts\/15142\/revisions\/26555"}],"wp:attachment":[{"href":"https:\/\/netzwerke-21.de\/index.php?rest_route=%2Fwp%2Fv2%2Fmedia&parent=15142"}],"wp:term":[{"taxonomy":"category","embeddable":true,"href":"https:\/\/netzwerke-21.de\/index.php?rest_route=%2Fwp%2Fv2%2Fcategories&post=15142"},{"taxonomy":"post_tag","embeddable":true,"href":"https:\/\/netzwerke-21.de\/index.php?rest_route=%2Fwp%2Fv2%2Ftags&post=15142"}],"curies":[{"name":"wp","href":"https:\/\/api.w.org\/{rel}","templated":true}]}}