{"id":14082,"date":"2016-01-14T23:32:29","date_gmt":"2016-01-14T21:32:29","guid":{"rendered":"http:\/\/netzwerke-21.de\/?p=14082"},"modified":"2017-12-27T00:46:10","modified_gmt":"2017-12-26T22:46:10","slug":"zur-infoveranstaltung-der-ingenieure-22-zu-stuttgart-21","status":"publish","type":"post","link":"https:\/\/netzwerke-21.de\/?p=14082","title":{"rendered":"Zur Infoveranstaltung der Ingenieure 22 \u00fcber den Stand bei Stuttgart 21"},"content":{"rendered":"<p>Gestern fand im B\u00fcrgerhaus M\u00f6hringen die Infoveranstaltung\u00a0 &#8222;S 21 Stuttgart in Schieflage&#8220;\u00a0 statt. Dipl.Ing. Klaus Gebhard und Dipl. Ing. Hans Heydemann berichteten Baufortschritt von Stuttgart 21 und \u00fcber die Ursachen der Verz\u00f6gerungen. Wer die Veranstaltung verpasst hat, kann sie auf <a title=\"Infoveranstaltung zu Stuttgart 21\" href=\"http:\/\/www.schaeferweltweit.de\/infoveranstaltung-zu-stuttgart-21\/\" target=\"_blank\" rel=\"noopener noreferrer\">Video bei schaeferweltweit<\/a> portioniert nach Themen anschauen.\u00a0 Nach dem Flyer waren die Punkte in folgende Themenbl\u00f6cke\u00a0 eingeteilt. Wir stellen auszugsweise nur ein paar seiner Folien ein:<\/p>\n<ul>\n<li><strong>Probleme mit dem Untergrund:<\/strong> Anhydrit\/ Sand \/ Schlamm \/ Dolinen<\/li>\n<\/ul>\n<p><img loading=\"lazy\" decoding=\"async\" class=\"attachment-900x900\" src=\"http:\/\/netzwerke-21.de\/wordpress\/wp-content\/uploads\/Hans-1.jpg\" alt=\"Hans 1\" width=\"576\" height=\"417\" \/><\/p>\n<ul>\n<li><strong>Probleme mit dem Wasser<\/strong>: Rost \/ aufsteigendes Grundwasser \/ Gef\u00e4hrdung des Mineralwassers<\/li>\n<li><strong>Probleme aus Platzgr\u00fcnden:<\/strong> Verkehrsf\u00fchrung (z.B. Haltestelle Staatsgalerie, viele Umleitungen)<\/li>\n<\/ul>\n<p><img loading=\"lazy\" decoding=\"async\" class=\"attachment-900x900\" src=\"http:\/\/netzwerke-21.de\/wordpress\/wp-content\/uploads\/Hans-3.jpg\" alt=\"Hans 3\" width=\"587\" height=\"419\" \/><\/p>\n<ul>\n<li><strong>Probleme mit dem Tunnelverlauf:<\/strong> durch Anhydrit auch unter dem Fernsehturm und mehrfache Unterquerung des Neckars<\/li>\n<li><strong>Probleme wegen fehlender Sicherheit:<\/strong> Brandschutz \/ Rettungswege \/ Barrieresicherheit<\/li>\n<li><strong>Probleme wegen Bauverz\u00f6gerung:<\/strong> durch Planungsfehler \/ fehlende Genehmigungen<\/li>\n<\/ul>\n<p><img loading=\"lazy\" decoding=\"async\" class=\"attachment-900x900\" src=\"http:\/\/netzwerke-21.de\/wordpress\/wp-content\/uploads\/Hans-4.jpg\" alt=\"Hans 4\" width=\"568\" height=\"409\" \/><\/p>\n<ul>\n<li><strong>Probleme wegen Finanzierung<\/strong><\/li>\n<\/ul>\n<p>Leider reichte die Zeit nicht, um alle\u00a0 Themen zu behandeln. Die beiden letzten Themenbl\u00f6cke fielen daher leider unter den Tisch. <strong>Die umfangreiche Pr\u00e4sentation von Hans Heydemann finden Sie<\/strong> <strong><a href=\"http:\/\/netzwerke-21.de\/wordpress\/wp-content\/uploads\/M\u00f6hringen-1301161.pdf\" target=\"_blank\" rel=\"noopener noreferrer\">hier<\/a>.<\/strong><\/p>\n","protected":false},"excerpt":{"rendered":"<p>Gestern fand im B\u00fcrgerhaus M\u00f6hringen die Infoveranstaltung\u00a0 &#8222;S 21 Stuttgart in Schieflage&#8220;\u00a0 statt. Dipl.Ing. Klaus Gebhard und Dipl. Ing. Hans Heydemann berichteten Baufortschritt von Stuttgart 21 und \u00fcber die Ursachen der Verz\u00f6gerungen. Wer die Veranstaltung verpasst hat, kann sie auf &hellip; <a href=\"https:\/\/netzwerke-21.de\/?p=14082\">Weiterlesen <span class=\"meta-nav\">&rarr;<\/span><\/a><\/p>\n","protected":false},"author":6,"featured_media":0,"comment_status":"closed","ping_status":"closed","sticky":false,"template":"","format":"standard","meta":{"footnotes":""},"categories":[1,8,71,69,44,31,47,85,21,60,11,26,58,10,30,53],"tags":[],"class_list":["post-14082","post","type-post","status-publish","format-standard","hentry","category-allgemein","category-bauarbeiten","category-baufortschritt","category-brandschutz","category-degerloch","category-eisenbahn-bundesamt","category-gaensheide","category-ingenieure22","category-kernerviertel","category-nesenbachdueker","category-ssb","category-stadt-stuttgart","category-tiefbahnhof","category-veranstaltungen","category-wangen","category-zeitplan"],"_links":{"self":[{"href":"https:\/\/netzwerke-21.de\/index.php?rest_route=\/wp\/v2\/posts\/14082","targetHints":{"allow":["GET"]}}],"collection":[{"href":"https:\/\/netzwerke-21.de\/index.php?rest_route=\/wp\/v2\/posts"}],"about":[{"href":"https:\/\/netzwerke-21.de\/index.php?rest_route=\/wp\/v2\/types\/post"}],"author":[{"embeddable":true,"href":"https:\/\/netzwerke-21.de\/index.php?rest_route=\/wp\/v2\/users\/6"}],"replies":[{"embeddable":true,"href":"https:\/\/netzwerke-21.de\/index.php?rest_route=%2Fwp%2Fv2%2Fcomments&post=14082"}],"version-history":[{"count":23,"href":"https:\/\/netzwerke-21.de\/index.php?rest_route=\/wp\/v2\/posts\/14082\/revisions"}],"predecessor-version":[{"id":26893,"href":"https:\/\/netzwerke-21.de\/index.php?rest_route=\/wp\/v2\/posts\/14082\/revisions\/26893"}],"wp:attachment":[{"href":"https:\/\/netzwerke-21.de\/index.php?rest_route=%2Fwp%2Fv2%2Fmedia&parent=14082"}],"wp:term":[{"taxonomy":"category","embeddable":true,"href":"https:\/\/netzwerke-21.de\/index.php?rest_route=%2Fwp%2Fv2%2Fcategories&post=14082"},{"taxonomy":"post_tag","embeddable":true,"href":"https:\/\/netzwerke-21.de\/index.php?rest_route=%2Fwp%2Fv2%2Ftags&post=14082"}],"curies":[{"name":"wp","href":"https:\/\/api.w.org\/{rel}","templated":true}]}}