{"id":13855,"date":"2016-01-09T00:55:27","date_gmt":"2016-01-08T22:55:27","guid":{"rendered":"http:\/\/netzwerke-21.de\/?p=13855"},"modified":"2017-12-08T00:49:55","modified_gmt":"2017-12-07T22:49:55","slug":"baustellenevent-tage-der-baustelle","status":"publish","type":"post","link":"https:\/\/netzwerke-21.de\/?p=13855","title":{"rendered":"Von Baustellen-Events und unzureichenden Anwohnerinformationen bei Stuttgart 21"},"content":{"rendered":"<p>Trotz des schleppenden Baufortschritts rund um den geplanten &#8222;Tiefbahnhof&#8220; fanden diese Woche die ersten &#8222;Tage der Baustelle&#8220; statt, in der sich Besucher \u00fcber den Stand der Bauarbeiten an den Baugruben und am Verzweigungsbauwerk unterhalb des Kriegsbergs informieren konnten (<a title=\"N\u00e4her dran an der Baustelle\" href=\"http:\/\/www.stuttgarter-zeitung.de\/inhalt.stuttgart-21-naeher-dran-an-der-baustelle.7b396f2e-85f0-49d3-8ae1-fbf4b96eb0f1.html\" target=\"_blank\" rel=\"noopener noreferrer\">StZ<\/a> \/ <a title=\"SWR Tage der offenen Baustelle\" href=\"http:\/\/www.swr.de\/landesschau-aktuell\/bw\/stuttgart\/bahnprojekt-stuttgart-21-tage-der-offenen-baustelle\/-\/id=1592\/did=16742682\/nid=1592\/1nx547i\/\" target=\"_blank\" rel=\"noopener noreferrer\">SWR<\/a> \/ <a href=\"https:\/\/www.youtube.com\/watch?v=rQZoc_P6g68\" target=\"_blank\" rel=\"noopener noreferrer\">Eisenbahn-TV <\/a>\/ <a title=\"Tag der offenen T\u00fcr am Hauptbahnhof | 6.1.2016 | #S21\" href=\"https:\/\/www.youtube.com\/watch?v=5dwxDqY99WQ\" target=\"_blank\" rel=\"noopener noreferrer\">Video S 21 BauTV<\/a> \/ <a title=\"2016 01 04 Tage der offenen Baustelle S21\" href=\"https:\/\/www.youtube.com\/watch?v=9JKxqWQMJXk\" target=\"_blank\" rel=\"noopener noreferrer\">Video Volker Teichert<\/a> \/ <a title=\"Baustellenrundgang S21\" href=\"https:\/\/www.youtube.com\/watch?v=TbzuqyvxCqk&amp;feature=youtu.be\" target=\"_blank\" rel=\"noopener noreferrer\">Audiof\u00fchrung durch das Grundwassermanagment beim S21 Baustellenrundgang<\/a> \/ <a href=\"https:\/\/www.flickr.com\/photos\/fotomedium\/sets\/72157662662751110\" target=\"_blank\" rel=\"noopener noreferrer\">Fotos Fotomedium<\/a> \/ <a href=\"https:\/\/picasaweb.google.com\/112478480755709713158\/TagDerOffenenS21BaustelleLichtshowsUA04012016#\" target=\"_blank\" rel=\"noopener noreferrer\">Fotos Wolfgang R\u00fcter<\/a> \/ <a href=\"https:\/\/picasaweb.google.com\/106392859158369444288\/OffeneBaustelle6Januar2016?authkey=Gv1sRgCJfGn_GEorfMgwE&amp;feat=directlink#\" target=\"_blank\" rel=\"noopener noreferrer\">Fotos Stopsignal<\/a>). Das ganze war als Baustellen-Event organisiert und von einem virtualisierten Rundgang per Datenbrille durch den fertig gestellten Ingenhoven-Entwurf\u00a0 (<a title=\"Kontext Raumschiff Enterprise\" href=\"http:\/\/www.kontextwochenzeitung.de\/wirtschaft\/249\/raumschiff-enterprise-3367.html\" target=\"_blank\" rel=\"noopener noreferrer\">Kontext<\/a>) sowie einer Lightshow (<a title=\"Peinliche S21-PRShow\" href=\"http:\/\/www.schaeferweltweit.de\/peinliche-s21-prshow\/\" target=\"_blank\" rel=\"noopener noreferrer\">schaeferweltweit<\/a>) begleitet. Letztere sicherlich eine Idee, die der neue Abschnittsleiter in abgespecktem Format von seinem letzten Projekt, <a href=\"https:\/\/www.youtube.com\/watch?v=2SS3keduPmQ\" target=\"_blank\" rel=\"noopener noreferrer\">dem Hochhauskomplex \u201eDe Rotterdam\u201c <\/a>exportierte. Die Bahn spricht in einer <a href=\"http:\/\/www.bahnprojekt-stuttgart-ulm.de\/no_cache\/aktuell\/newsdetail\/news\/ueber-30000-besucher\/newsParameter\/detail\/News\/datum\/20160106\/\" target=\"_blank\" rel=\"noopener noreferrer\">Pressemitteilung von rund 30.000 Besuchern<\/a>. Eine Zahl, die allerdings viele Besucher zu hoch gegriffen halten. Eine Wiederholung dieser Baustellen-Tage in 2017 ist laut Bahn angedacht.<\/p>\n<p><img loading=\"lazy\" decoding=\"async\" class=\"\" src=\"https:\/\/lh3.googleusercontent.com\/-rGI1OdR5BdI\/VosCPIr_YaI\/AAAAAAAB1ag\/nTxdBvweqmA\/s720-Ic42\/DSC_5658.JPG\" alt=\"\" width=\"583\" height=\"388\" \/><\/p>\n<p>Doch angesichts der Gelder im knapp f\u00fcnftstelligen Bereich, die die Bahn in diese Veranstaltungen und die 3-D-Brillen steckt, ist es um die Information f\u00fcr die von den 59 Kilometer Tunnelbau bei Stuttgart 21 betroffenen Anwohner weiterhin nicht gut bestellt. Bis heute m\u00fcssen sie sich als einzige Informationsquelle mit den w\u00f6chentlichen Vortriebszahlen begn\u00fcgen, die nichts dar\u00fcber aussagen, wo sich der Tunnelvortrieb gerade befindet. Eine w\u00f6chentlich erg\u00e4nzende grafische Darstellung, unter welchen Geb\u00e4uden aktuell gearbeitet wird bzw welche Abschnitte bereits vorgetrieben sind, ist nach Aussage der Projektgesellschaft aus Kostengr\u00fcnden (!) angeblich nicht realisierbar.\u00a0 Die im Januar 2015 angek\u00fcndigte Software\u00e4nderung der Webseite biss-21.de sei zu aufw\u00e4ndig. Die Netzwerke werden daher in den anstehenden Gespr\u00e4chen mit der B\u00fcrgerbeauftragten Alice Kaiser und der Bahn erneut eine L\u00f6sung dazu einfordern. Und sei es nur als einfache Grafik in Form eines Stadtplans als PDF, in dem der Vortriebsstand w\u00f6chentlich markiert wird.<\/p>\n","protected":false},"excerpt":{"rendered":"<p>Trotz des schleppenden Baufortschritts rund um den geplanten &#8222;Tiefbahnhof&#8220; fanden diese Woche die ersten &#8222;Tage der Baustelle&#8220; statt, in der sich Besucher \u00fcber den Stand der Bauarbeiten an den Baugruben und am Verzweigungsbauwerk unterhalb des Kriegsbergs informieren konnten (StZ \/ &hellip; <a href=\"https:\/\/netzwerke-21.de\/?p=13855\">Weiterlesen <span class=\"meta-nav\">&rarr;<\/span><\/a><\/p>\n","protected":false},"author":6,"featured_media":0,"comment_status":"closed","ping_status":"closed","sticky":false,"template":"","format":"standard","meta":{"footnotes":""},"categories":[83,28,44,45,49,35,21,20,58,4,22,10,52,30],"tags":[],"class_list":["post-13855","post","type-post","status-publish","format-standard","hentry","category-anwohnerveranstaltung","category-bauinfo-kommunikationsbuero","category-degerloch","category-fasanenhof","category-feuerbach","category-gablenberg","category-kernerviertel","category-killesberg","category-tiefbahnhof","category-unterfahrung","category-untertuerkheim","category-veranstaltungen","category-vortriebsstand","category-wangen"],"_links":{"self":[{"href":"https:\/\/netzwerke-21.de\/index.php?rest_route=\/wp\/v2\/posts\/13855","targetHints":{"allow":["GET"]}}],"collection":[{"href":"https:\/\/netzwerke-21.de\/index.php?rest_route=\/wp\/v2\/posts"}],"about":[{"href":"https:\/\/netzwerke-21.de\/index.php?rest_route=\/wp\/v2\/types\/post"}],"author":[{"embeddable":true,"href":"https:\/\/netzwerke-21.de\/index.php?rest_route=\/wp\/v2\/users\/6"}],"replies":[{"embeddable":true,"href":"https:\/\/netzwerke-21.de\/index.php?rest_route=%2Fwp%2Fv2%2Fcomments&post=13855"}],"version-history":[{"count":27,"href":"https:\/\/netzwerke-21.de\/index.php?rest_route=\/wp\/v2\/posts\/13855\/revisions"}],"predecessor-version":[{"id":26595,"href":"https:\/\/netzwerke-21.de\/index.php?rest_route=\/wp\/v2\/posts\/13855\/revisions\/26595"}],"wp:attachment":[{"href":"https:\/\/netzwerke-21.de\/index.php?rest_route=%2Fwp%2Fv2%2Fmedia&parent=13855"}],"wp:term":[{"taxonomy":"category","embeddable":true,"href":"https:\/\/netzwerke-21.de\/index.php?rest_route=%2Fwp%2Fv2%2Fcategories&post=13855"},{"taxonomy":"post_tag","embeddable":true,"href":"https:\/\/netzwerke-21.de\/index.php?rest_route=%2Fwp%2Fv2%2Ftags&post=13855"}],"curies":[{"name":"wp","href":"https:\/\/api.w.org\/{rel}","templated":true}]}}