{"id":13518,"date":"2015-12-09T20:52:33","date_gmt":"2015-12-09T18:52:33","guid":{"rendered":"http:\/\/netzwerke-21.de\/?p=13518"},"modified":"2015-12-11T11:29:30","modified_gmt":"2015-12-11T09:29:30","slug":"stz-s-21-steuerkreis-noch-keine-runde-sache-weitere-bauverzoegerungen-am-suedkopf-absehbar","status":"publish","type":"post","link":"https:\/\/netzwerke-21.de\/?p=13518","title":{"rendered":"StZ: S-21-Steuerkreis noch keine runde Sache \/ Weitere Bauverz\u00f6gerungen am S\u00fcdkopf absehbar"},"content":{"rendered":"<p>Die Stuttgarter Zeitung berichtet heute (<a title=\"StZ S-21-Steuerkreis noch keine runde Sache\" href=\"http:\/\/www.stuttgarter-zeitung.de\/inhalt.stuttgart-21-s-21-steuerkreis-noch-keine-runde-sache.674d6e74-62f7-42b9-bfbd-b8bf5cf41c48.html\" target=\"_blank\">hier<\/a>), dass der von Bahnvorstand Volker Kefer im November 2015 angek\u00fcndigte Steuerkreis zur Beschleunigung der Plan\u00e4nderungsverfahren noch nicht getagt hat. Das Eisenbahn-Bundesamt habe als Genehmigungsbeh\u00f6rde bislang reserviert reagiert. Die StZ (<a title=\"StZ Besser planen, schneller bauen\" href=\"http:\/\/www.stuttgarter-zeitung.de\/inhalt.stuttgart-21-steuerkreis-besser-planen-schneller-bauen.9a524fc4-61d0-4dd9-9f22-122840dd4107.html\" target=\"_blank\">hier<\/a>) kommentiert dies mit den Worten &#8222;Besser planen, schneller bauen&#8220;, verweist auf die zahlreichen anstehenden von der Bahn einreichten Plan\u00e4nderungen und fordert die Beteilgten an einen Tisch. Dennoch k\u00f6nne ein Steuerkreis kein formales Genehmigungsverfahren ersetzen.<\/p>\n<p>Der Beitrag enth\u00e4lt f\u00fcr die Anwohner des Kernerviertels eine interessante Information \u00fcber den neuen Zeitplan zum Plan\u00e4nderungsverfahren f\u00fcr das dreigeschossige Schwallbauwerk S\u00fcd an der S\u00e4ngerstra\u00dfe, <a title=\"StZ: L\u00e4rmschutzwand f\u00fcrs Kernerviertel wird sichtbar. Anh\u00f6rung wegen Plan\u00e4nderung am Schwallbauwerk\" href=\"http:\/\/netzwerke-21.de\/?p=12543\" target=\"_blank\">\u00fcber das wir bereits berichtet haben<\/a>. Zuletzt ging die Bahn davon aus, dass die Genehmigung im November 2015 erteilt wird. Jetzt soll sich der Termin auf M\u00e4rz 2016 verschieben. Dabei ist der Baubeginn der Gr\u00fcndungs- und Bauarbeiten am Baufeld 25 von der Genehmigung des Schwallbauwerks abh\u00e4ngig.<\/p>\n<p>Dazu schreibt die StZ: <em>&#8222;Damit der Verzug von einem Vierteljahr nicht auf den Terminplan durchschl\u00e4gt, sucht die PSU nun nach Alternativen im Bauablauf. \u201eSo k\u00f6nnten beispielsweise Teile des Bauabschnitts S\u00fcdkopf noch besser verzahnt mit Abschnitten der Stadtbahnhaltestelle Staatsgalerie gebaut werden\u201c, erkl\u00e4rt der Projektsprecher. Der Abschnitt ist selbst f\u00fcr Stuttgart-21-Verh\u00e4ltnisse ausgesprochen kompliziert. Die Stadtbahnhaltestelle wird in Richtung Schlossgarten verschoben und gleichzeitig angehoben, damit die Gleise von und zum Durchgangsbahnhof darunter hindurch gef\u00fchrt werden k\u00f6nnen. Gleichzeitig m\u00fcssen die Schienentrassen die B\u200914 unterqueren, deren Unterf\u00fchrung unter dem Gebhard-M\u00fcller-Platz bei dieser Gelegenheit gleich auch noch verl\u00e4ngert werden soll.&#8220;<\/em><\/p>\n<p>Angesichts der Bauverz\u00f6gerungen, die bereits im S\u00fcdkopf eingetreten sind, sind die weiteren drei Monate fast vernachl\u00e4ssigbar.\u00a0 Die Bauma\u00dfnahmen der Bahn f\u00fcr das Baufeld 25 (S\u00e4ngerstra\u00dfe) und 22 (neben Planetarium) sowie die SSB-Bauma\u00dfnahmen wurden den Anwohnern des Kernerviertels seit November 2013 mehrfach in Rathausveranstaltungen mit jeweils ver\u00e4nderten Zeitpl\u00e4nen angek\u00fcndigt, am ausf\u00fchrlichsten im <a title=\"Pr\u00e4sentationsunterlagen zur Informationsveranstaltung der SSB und der Bahn im Rathaus im Netz\" href=\"http:\/\/netzwerke-21.de\/?p=3023\" target=\"_blank\">Juni 2014<\/a>. Damals wurde noch von der SSB betont, dass f\u00fcr den Bau der neuen Haltestelle Staatsgalerie (mittlerer Bauabschnitt) erst der Trogbaublock 22 fertig gestellt sein muss. Wir hatten bereits auch <a title=\"Umwege und komplexe Bauabl\u00e4ufe: zum Baustart des Nesenbachd\u00fckers am 8.Juni 2015\" href=\"http:\/\/netzwerke-21.de\/?p=9240\" target=\"_blank\">auf die absehbaren Verz\u00f6gerungen der komplexen und zeitlich voneinander abh\u00e4ngigen Bauma\u00dfnahmen der SSB und Bahn einschlie\u00dflich des Nesenbachd\u00fckers<\/a> hingewiesen.<\/p>\n<p>Die SSB hat jetzt nach den l\u00e4nger als geplant in Anspruch genommenen\u00a0 Vorbereitungsarbeiten mit den Hauptbauma\u00dfnahmen entlang der B 14 zwischen Innenministerium und Schillerstra\u00dfe begonnen. Die Bohrpfahlsetzungen sind auch am Hang oberhalb des Kernerplatzes nicht zu \u00fcberh\u00f6ren. Doch von den Baustellen der Bahn an den Baufeldern 22 und 25 noch nicht viel zu sehen. Nach dem im <a href=\"http:\/\/www.bahnprojekt-stuttgart-ulm.de\/no_cache\/mediathek\/detail\/media\/bauarbeiten-zur-erstellung-des-bahnhofstrogs-gestartet-2\/mediaParameter\/show\/Medium\/\" target=\"_blank\">August 2014 auf der Pressekonferenz zum Start der Trogbauarbeiten vorgestellten Zeitplan<\/a> waren folgende Bauzeiten vorgesehen:<\/p>\n<p><strong><a href=\"http:\/\/netzwerke-21.de\/?attachment_id=10732\" target=\"_blank\">Baufeld 22: <\/a><\/strong><\/p>\n<ul>\n<li><strong>Vorabma\u00dfnahme (Autobr\u00fccke):<\/strong> bis Fr\u00fchjahr 2015 -&gt; fertiggestellt wurde sie erst im Herbst<\/li>\n<li><strong>Hauptbauzeit<\/strong>: April 2015-April 2016 -&gt; Bauma\u00dfnahmen sind noch nicht erkennbar, Start Bauma\u00dfnahmen\u00a0 wahrscheinlich auch abh\u00e4ngig von der Entscheidung \u00fcber die nach aktueller Planung an den Nord- und S\u00fcdkopf verlegten Fluchttreppenh\u00e4user.<\/li>\n<\/ul>\n<p><strong><a href=\"http:\/\/netzwerke-21.de\/wordpress\/wp-content\/uploads\/Baufeld-25-Plan.jpg\" target=\"_blank\">Baufeld 25: <\/a><br \/>\n<\/strong><\/p>\n<ul>\n<li><strong>Vorabma\u00dfnahme ( Treppenzugang SSB):<\/strong> vorraus. September 2014 bis M\u00e4rz 2015\u00a0 -&gt; fertiggestellt wurde der Treppenabgang erst im November 2015<\/li>\n<li><strong>Hauptbauzeit:<\/strong> M\u00e4rz 2015 bis Juli 2016 -&gt; noch keine Hauptbauma\u00dfnahmen gestartet, Genehmigung Schwallbauwerk im M\u00e4rz 2016 erwartet.<\/li>\n<\/ul>\n<p>Erkennbar ist, dass die Bauarbeiten an diesen beiden Trogbaufeldern am S\u00fcdkopf gegen\u00fcber der Planung Mitte 2014 nicht nur um ein Vierteljahr, sondern knapp ein Jahr hinterherhinken. Wie Teile des Bauabschnitts S\u00fcdkopf laut dem StZ-Beitrag noch besser verzahnt mit Abschnitten der Stadtbahnhaltestelle Staatsgalerie gebaut werden k\u00f6nnten, wurde bislang nicht kommuniziert. Auch die Lenkungskreisunterlage vom November 2015 (<a href=\"http:\/\/www.bahnprojekt-stuttgart-ulm.de\/no_cache\/mediathek\/detail\/download\/14-sitzung-des-lenkungskreises-stuttgart-21\/mediaParameter\/download\/Medium\/\" target=\"_blank\">hier<\/a>) wies auf Zeitverzug hin und vermerkte einen \u201e<em>Optimierungsbedarf\u201c. <\/em> Jedoch ohne Angabe, wie der Zeitverzug eingeholt werden soll<em>:<\/em><em><br \/>\n<\/em><\/p>\n<p><img loading=\"lazy\" decoding=\"async\" class=\"attachment-900x900\" src=\"http:\/\/netzwerke-21.de\/wordpress\/wp-content\/uploads\/Bauverzug-S%C3%BCdkopf.jpg\" alt=\"Bauverzug S\u00fcdkopf\" width=\"587\" height=\"417\" \/><\/p>\n<p>Aus der \u00dcbersicht wird deutlich, dass von den geplanten 6,5 Jahren Bauzeit (ohne Innenausbau) f\u00fcr den S\u00fcdkopf bereits zu Beginn schon ein Jahr fehlt. Dazu muss man die oben geschilderten Verz\u00f6gerungen ab Mitte 2014 um ein Jahr noch hinzurechnen und kommt auf dann auf eine stattlichen Bauverzug von rund 2 Jahren. Also fast ein Drittel der veranschlagten Zeit und nicht 3 Monate wie im StZ-Bericht von der Bahn einger\u00e4umt! Man wundert sich, dass eine halbwegs solide und eng getaktete Bauplanung so eine Optimierungsm\u00f6glichkeit von rund 1\/3 der Bauzeit \u00fcberhaupt hergeben kann.<\/p>\n<p>Zumal f\u00fcr den Fortgang der Bauarbeiten die Bahn vom Baufortschritt der SSB abh\u00e4ngig ist. Offen ist, wann die Baufelder 23 und 24 gebaut werden k\u00f6nnen. Daf\u00fcr ist der Neubau und der Abriss der alten SSB-Haltestelle sowie der B14 (!) erforderlich. Fraglich ist, ob die neue SSB-Haltestelle Staatsgalerie trotz der Zeitverz\u00f6gerung Mitte 2018 in Betrieb gehen kann.<\/p>\n<p><a title=\"SSB berichtet im UTA \u00fcber die erste Phase der Streckensperrung. \u00dcber 40.000 Fahrg\u00e4ste t\u00e4glich betroffen\" href=\"http:\/\/netzwerke-21.de\/?p=12356\" target=\"_blank\">Die SSB plant dennoch ab Mai 2016 die Sperrung der Stammstrecke Richtung Charlottenplatz f\u00fcr vorerst 15 Monate.<\/a> Informationen zum neuen Linienplan &#8222;Netz 2016&#8220; sind seit dieser Woche bereits auf der <a href=\"http:\/\/www.ssb-ag.de\/Netz-2016-1105-0.html\" target=\"_blank\">Webseite der SSB<\/a> ver\u00f6ffentlicht.<\/p>\n","protected":false},"excerpt":{"rendered":"<p>Die Stuttgarter Zeitung berichtet heute (hier), dass der von Bahnvorstand Volker Kefer im November 2015 angek\u00fcndigte Steuerkreis zur Beschleunigung der Plan\u00e4nderungsverfahren noch nicht getagt hat. Das Eisenbahn-Bundesamt habe als Genehmigungsbeh\u00f6rde bislang reserviert reagiert. Die StZ (hier) kommentiert dies mit den &hellip; <a href=\"https:\/\/netzwerke-21.de\/?p=13518\">Weiterlesen <span class=\"meta-nav\">&rarr;<\/span><\/a><\/p>\n","protected":false},"author":6,"featured_media":0,"comment_status":"closed","ping_status":"closed","sticky":false,"template":"","format":"standard","meta":{"footnotes":""},"categories":[8,71,40,31,37,21,39,11,58,53],"tags":[],"class_list":["post-13518","post","type-post","status-publish","format-standard","hentry","category-bauarbeiten","category-baufortschritt","category-bund","category-eisenbahn-bundesamt","category-entrauchungsbauwerke","category-kernerviertel","category-land-bw","category-ssb","category-tiefbahnhof","category-zeitplan"],"_links":{"self":[{"href":"https:\/\/netzwerke-21.de\/index.php?rest_route=\/wp\/v2\/posts\/13518","targetHints":{"allow":["GET"]}}],"collection":[{"href":"https:\/\/netzwerke-21.de\/index.php?rest_route=\/wp\/v2\/posts"}],"about":[{"href":"https:\/\/netzwerke-21.de\/index.php?rest_route=\/wp\/v2\/types\/post"}],"author":[{"embeddable":true,"href":"https:\/\/netzwerke-21.de\/index.php?rest_route=\/wp\/v2\/users\/6"}],"replies":[{"embeddable":true,"href":"https:\/\/netzwerke-21.de\/index.php?rest_route=%2Fwp%2Fv2%2Fcomments&post=13518"}],"version-history":[{"count":58,"href":"https:\/\/netzwerke-21.de\/index.php?rest_route=\/wp\/v2\/posts\/13518\/revisions"}],"predecessor-version":[{"id":13534,"href":"https:\/\/netzwerke-21.de\/index.php?rest_route=\/wp\/v2\/posts\/13518\/revisions\/13534"}],"wp:attachment":[{"href":"https:\/\/netzwerke-21.de\/index.php?rest_route=%2Fwp%2Fv2%2Fmedia&parent=13518"}],"wp:term":[{"taxonomy":"category","embeddable":true,"href":"https:\/\/netzwerke-21.de\/index.php?rest_route=%2Fwp%2Fv2%2Fcategories&post=13518"},{"taxonomy":"post_tag","embeddable":true,"href":"https:\/\/netzwerke-21.de\/index.php?rest_route=%2Fwp%2Fv2%2Ftags&post=13518"}],"curies":[{"name":"wp","href":"https:\/\/api.w.org\/{rel}","templated":true}]}}