{"id":13516,"date":"2015-12-09T19:19:19","date_gmt":"2015-12-09T17:19:19","guid":{"rendered":"http:\/\/netzwerke-21.de\/?p=13516"},"modified":"2015-12-09T19:19:19","modified_gmt":"2015-12-09T17:19:19","slug":"zur-sache-bw-wird-der-fernsehturm-zum-schiefen-turm","status":"publish","type":"post","link":"https:\/\/netzwerke-21.de\/?p=13516","title":{"rendered":"Zur Sache BW: Wird der Fernsehturm zum Schiefen Turm?"},"content":{"rendered":"<p><strong>Programmhinweis:<\/strong> Morgen, Donnerstag, um 20.15 wird der SWR in der TV-Sendung &#8222;Zur Sache Baden-W\u00fcrttemberg&#8220; \u00fcber die <a href=\"http:\/\/www.fernsehturmfreunde.de\/\" target=\"_blank\">Fernsehturmfreunde<\/a> berichten. Sie setzen sich daf\u00fcr ein, dass der Fildertunnel wegen des nicht auszuschlie\u00dfenden Risikos f\u00fcr den Fernsehturm durch quellendes Anhydrit um 250 Meter verlegt werden soll.<\/p>\n<p><a title=\"SWR Wird der Fernsehturm zum Schiefen Turm?\" href=\"http:\/\/www.swr.de\/zur-sache-baden-wuerttemberg\/stuttgart-21-wird-der-fernsehturm-zum-schiefen-turm\/-\/id=3477354\/did=16389850\/nid=3477354\/1771kyl\/index.html\" target=\"_blank\">Den Fernsehbeitrag k\u00fcndigt der SWR wie folgt an:\u00a0 <\/a>&#8222;<em>Der Stuttgarter Fernsehturm wird im Februar 60 Jahre alt. 60 Jahre lang stand er wie eine Eins. Jetzt bef\u00fcrchten B\u00fcrger, dass Stuttgart 21 den Turm in Schieflage bringen k\u00f6nnte. Bekommt der Schiefe Turm von Pisa einen schw\u00e4bischen Kollegen?\u00a0Gegner des Bahnprojekts Stuttgart 21 bef\u00fcrchten, dass der Fildertunnel, der direkt unter dem Stuttgarter Wahrzeichen verlaufen soll, den Turm aus der Fassung bringen k\u00f6nnte. Denn unter dem Fernsehturm gibt es eine Gipskeuper-Schicht, die beim Eindringen von Wasser aufquillt und den Turm anheben k\u00f6nnte. J\u00f6rg Hamann, der Sprecher des Bahnprojekts, beteuert: &#8222;Die Stuttgarter k\u00f6nnen beruhigt sein. Die Gipskeuper-Schicht ist 200 Meter unter dem Turm. Da besteht keine Gefahr f\u00fcr das Fundament.&#8220; Seine Fans w\u00fcrden es dem Fernsehturm krumm nehmen, wenn er schief werden w\u00fcrde.&#8220;<\/em><\/p>\n","protected":false},"excerpt":{"rendered":"<p>Programmhinweis: Morgen, Donnerstag, um 20.15 wird der SWR in der TV-Sendung &#8222;Zur Sache Baden-W\u00fcrttemberg&#8220; \u00fcber die Fernsehturmfreunde berichten. Sie setzen sich daf\u00fcr ein, dass der Fildertunnel wegen des nicht auszuschlie\u00dfenden Risikos f\u00fcr den Fernsehturm durch quellendes Anhydrit um 250 Meter &hellip; <a href=\"https:\/\/netzwerke-21.de\/?p=13516\">Weiterlesen <span class=\"meta-nav\">&rarr;<\/span><\/a><\/p>\n","protected":false},"author":6,"featured_media":0,"comment_status":"closed","ping_status":"closed","sticky":false,"template":"","format":"standard","meta":{"footnotes":""},"categories":[55,44,12,38],"tags":[],"class_list":["post-13516","post","type-post","status-publish","format-standard","hentry","category-anhydrit","category-degerloch","category-gebaeuderisiken","category-tunnelstrecken"],"_links":{"self":[{"href":"https:\/\/netzwerke-21.de\/index.php?rest_route=\/wp\/v2\/posts\/13516","targetHints":{"allow":["GET"]}}],"collection":[{"href":"https:\/\/netzwerke-21.de\/index.php?rest_route=\/wp\/v2\/posts"}],"about":[{"href":"https:\/\/netzwerke-21.de\/index.php?rest_route=\/wp\/v2\/types\/post"}],"author":[{"embeddable":true,"href":"https:\/\/netzwerke-21.de\/index.php?rest_route=\/wp\/v2\/users\/6"}],"replies":[{"embeddable":true,"href":"https:\/\/netzwerke-21.de\/index.php?rest_route=%2Fwp%2Fv2%2Fcomments&post=13516"}],"version-history":[{"count":1,"href":"https:\/\/netzwerke-21.de\/index.php?rest_route=\/wp\/v2\/posts\/13516\/revisions"}],"predecessor-version":[{"id":13517,"href":"https:\/\/netzwerke-21.de\/index.php?rest_route=\/wp\/v2\/posts\/13516\/revisions\/13517"}],"wp:attachment":[{"href":"https:\/\/netzwerke-21.de\/index.php?rest_route=%2Fwp%2Fv2%2Fmedia&parent=13516"}],"wp:term":[{"taxonomy":"category","embeddable":true,"href":"https:\/\/netzwerke-21.de\/index.php?rest_route=%2Fwp%2Fv2%2Fcategories&post=13516"},{"taxonomy":"post_tag","embeddable":true,"href":"https:\/\/netzwerke-21.de\/index.php?rest_route=%2Fwp%2Fv2%2Ftags&post=13516"}],"curies":[{"name":"wp","href":"https:\/\/api.w.org\/{rel}","templated":true}]}}