{"id":13288,"date":"2015-12-03T20:16:39","date_gmt":"2015-12-03T18:16:39","guid":{"rendered":"http:\/\/netzwerke-21.de\/?p=13288"},"modified":"2016-02-11T23:14:39","modified_gmt":"2016-02-11T21:14:39","slug":"taeter-gesucht-wer-haemmert-die-anwohner-aus-dem-tiefschlaf-naechtlicher-baulaerm-ohne-ankuendigung-im-kernerviertel","status":"publish","type":"post","link":"https:\/\/netzwerke-21.de\/?p=13288","title":{"rendered":"Wer h\u00e4mmert die Anwohner aus dem Tiefschlaf? N\u00e4chtlicher Baul\u00e4rm ohne Ank\u00fcndigung im Kernerviertel"},"content":{"rendered":"<p>Anwohner des Kernerviertels hatten diese Woche wieder zwei schlaflose N\u00e4chte.\u00a0 Die bislang nicht zu sp\u00fcrenden Sprengungen zum Bau des unterirdischen Verzweigungsbauwerks wurden mit einem Flugblatt angek\u00fcndigt. Doch die sehr lauten Bauarbeiten mit dem Presslufthammer am Gebhard M\u00fcller-Platz, die bis morgens um 3 Uhr gingen und bis hoch zur Wera-\/Hau\u00dfmannstra\u00dfe nicht zu \u00fcberh\u00f6ren waren, jedoch nicht. Auch auf der <a href=\"http:\/\/www.bahnprojekt-stuttgart-ulm.de\/aktuell\/\" target=\"_blank\">Webseite der Projektgesellschaft Stuttgart-Ulm GmbH <\/a>sucht man vergeblich nach einer Ank\u00fcndigung. Zwar wurde auf der <a href=\"http:\/\/netzwerke-21.de\/?p=11982\" target=\"_blank\">Rathausveranstaltung im Oktober<\/a> unter zahlreichen Bauma\u00dfnahmen auch Nachtarbeiten im Dezember zur Fahrspurverschenkung nebenbei erw\u00e4hnt. Dennoch sollten bei diesen n\u00e4chtlichen H\u00e4mmern zumindest die Anwohner per Flyer in den Briefk\u00e4sten und einer Pressemitteilung vorher informiert werden. Von einer Pr\u00fcfung, ob diese dr\u00f6hnenden Arbeiten unbedingt zu dieser nachtschlafenden Zeit \u00fcberhaupt durchgef\u00fchrt werden m\u00fcssen, einmal abgesehen.<\/p>\n<p>Frank Schweizer, Sprecher des Netzwerks Kernerviertel, hat bei der B\u00fcrgerbeauftragten Alice Kaiser nachgehakt und in der zweiten schlaflosen Nacht kurz nach 2 Uhr dieses Video aufgenommen, das Fl\u00fcgelTV eingestellt hat:<\/p>\n<p><iframe loading=\"lazy\" src=\"https:\/\/player.vimeo.com\/video\/147706489\" width=\"500\" height=\"281\" frameborder=\"0\" allowfullscreen=\"allowfullscreen\"><\/iframe><\/p>\n<p>Daher noch einmal der Hinweis: Wenn Sie sich gest\u00f6rt f\u00fchlen, dann schreiben Sie die Bauninfo <a class=\"moz-txt-link-abbreviated\" href=\"mailto:bauen@stuttgart-ulm.de\">bauen@stuttgart-ulm.de<\/a> ein E-Mail oder rufen Sie an: 0711 21 321 212. Weitere Infos finden Sie <a title=\"Baul\u00e4rm : was k\u00f6nnen Anwohner bei unertr\u00e4glichen Baul\u00e4rm im ersten Schritt machen ?\" href=\"http:\/\/netzwerke-21.de\/?page_id=4541\" target=\"_blank\">hier.<\/a><em><br \/>\n<\/em><\/p>\n<p><strong>Update 4.12.2015:<\/strong> Die Stuttgarter Zeitung berichtet in ihrer heutigen Ausgabe dar\u00fcber. Laut StZ werden die n\u00e4chtlichen Bauarbeiten bis 11.Dezember andauern und zwischen 21 bis 5 Uhr stattfinden.<\/p>\n","protected":false},"excerpt":{"rendered":"<p>Anwohner des Kernerviertels hatten diese Woche wieder zwei schlaflose N\u00e4chte.\u00a0 Die bislang nicht zu sp\u00fcrenden Sprengungen zum Bau des unterirdischen Verzweigungsbauwerks wurden mit einem Flugblatt angek\u00fcndigt. Doch die sehr lauten Bauarbeiten mit dem Presslufthammer am Gebhard M\u00fcller-Platz, die bis morgens &hellip; <a href=\"https:\/\/netzwerke-21.de\/?p=13288\">Weiterlesen <span class=\"meta-nav\">&rarr;<\/span><\/a><\/p>\n","protected":false},"author":6,"featured_media":0,"comment_status":"closed","ping_status":"closed","sticky":false,"template":"","format":"standard","meta":{"footnotes":""},"categories":[8,28,21,75,11,26],"tags":[],"class_list":["post-13288","post","type-post","status-publish","format-standard","hentry","category-bauarbeiten","category-bauinfo-kommunikationsbuero","category-kernerviertel","category-sprengungen","category-ssb","category-stadt-stuttgart"],"_links":{"self":[{"href":"https:\/\/netzwerke-21.de\/index.php?rest_route=\/wp\/v2\/posts\/13288","targetHints":{"allow":["GET"]}}],"collection":[{"href":"https:\/\/netzwerke-21.de\/index.php?rest_route=\/wp\/v2\/posts"}],"about":[{"href":"https:\/\/netzwerke-21.de\/index.php?rest_route=\/wp\/v2\/types\/post"}],"author":[{"embeddable":true,"href":"https:\/\/netzwerke-21.de\/index.php?rest_route=\/wp\/v2\/users\/6"}],"replies":[{"embeddable":true,"href":"https:\/\/netzwerke-21.de\/index.php?rest_route=%2Fwp%2Fv2%2Fcomments&post=13288"}],"version-history":[{"count":28,"href":"https:\/\/netzwerke-21.de\/index.php?rest_route=\/wp\/v2\/posts\/13288\/revisions"}],"predecessor-version":[{"id":13415,"href":"https:\/\/netzwerke-21.de\/index.php?rest_route=\/wp\/v2\/posts\/13288\/revisions\/13415"}],"wp:attachment":[{"href":"https:\/\/netzwerke-21.de\/index.php?rest_route=%2Fwp%2Fv2%2Fmedia&parent=13288"}],"wp:term":[{"taxonomy":"category","embeddable":true,"href":"https:\/\/netzwerke-21.de\/index.php?rest_route=%2Fwp%2Fv2%2Fcategories&post=13288"},{"taxonomy":"post_tag","embeddable":true,"href":"https:\/\/netzwerke-21.de\/index.php?rest_route=%2Fwp%2Fv2%2Ftags&post=13288"}],"curies":[{"name":"wp","href":"https:\/\/api.w.org\/{rel}","templated":true}]}}