{"id":13256,"date":"2015-12-01T01:02:27","date_gmt":"2015-11-30T23:02:27","guid":{"rendered":"http:\/\/netzwerke-21.de\/?p=13256"},"modified":"2015-12-01T01:10:06","modified_gmt":"2015-11-30T23:10:06","slug":"stz-mietminderung-wegen-baulaerms-bleibt-strittig","status":"publish","type":"post","link":"https:\/\/netzwerke-21.de\/?p=13256","title":{"rendered":"StZ: Mietminderung wegen Baul\u00e4rms bleibt strittig"},"content":{"rendered":"<p>Die Stuttgarter Zeitung berichtet heute (<a title=\"StZ Mietminderung wegen Baul\u00e4rms bleibt strittig\" href=\"http:\/\/www.stuttgarter-zeitung.de\/inhalt.stuttgart-21-mietminderung-wegen-baulaerms-bleibt-strittig.15de188f-ca78-4364-9c6c-44b9fe8449e7.html\" target=\"_blank\">hier<\/a>) \u00fcber einen Prozess vor dem Stuttgarter Amtsgericht wegen Mietminderung. Geklagt hat die &#8222;<em>Eisenbahn-Siedlungsgesellschaft gegen eine ihrer Mieterinnen, die in einem Hochhaus an der Ecke Friedhofstra\u00dfe\/Nordbahnhofstra\u00dfe wohnt. Die Rentnerin k\u00fcrzt seit einigen Monaten die Miete um 59 Euro im Monat, weil sie unter anderem den L\u00e4rm der Bauma\u00dfen f\u00fcr Stuttgart\u200921 als Mietminderungsgrund sieht.&#8220;\u00a0<\/em>Das Verfahren ist ein Pr\u00e4zendenzfall. Allerdings wird sich\u00a0 die gerichtliche Auseinandersetzung noch in die L\u00e4nge ziehen, da wahrscheinlich erst einmal die L\u00e4rmbelastung durch den Lkw-Verkehr f\u00fcr Stuttgart 21 gekl\u00e4rt werden muss.<\/p>\n","protected":false},"excerpt":{"rendered":"<p>Die Stuttgarter Zeitung berichtet heute (hier) \u00fcber einen Prozess vor dem Stuttgarter Amtsgericht wegen Mietminderung. Geklagt hat die &#8222;Eisenbahn-Siedlungsgesellschaft gegen eine ihrer Mieterinnen, die in einem Hochhaus an der Ecke Friedhofstra\u00dfe\/Nordbahnhofstra\u00dfe wohnt. Die Rentnerin k\u00fcrzt seit einigen Monaten die Miete &hellip; <a href=\"https:\/\/netzwerke-21.de\/?p=13256\">Weiterlesen <span class=\"meta-nav\">&rarr;<\/span><\/a><\/p>\n","protected":false},"author":6,"featured_media":0,"comment_status":"closed","ping_status":"closed","sticky":false,"template":"","format":"standard","meta":{"footnotes":""},"categories":[8,41,62,13,43],"tags":[],"class_list":["post-13256","post","type-post","status-publish","format-standard","hentry","category-bauarbeiten","category-baulogistik","category-klageverfahren","category-laerm","category-nordbahnhofviertel"],"_links":{"self":[{"href":"https:\/\/netzwerke-21.de\/index.php?rest_route=\/wp\/v2\/posts\/13256","targetHints":{"allow":["GET"]}}],"collection":[{"href":"https:\/\/netzwerke-21.de\/index.php?rest_route=\/wp\/v2\/posts"}],"about":[{"href":"https:\/\/netzwerke-21.de\/index.php?rest_route=\/wp\/v2\/types\/post"}],"author":[{"embeddable":true,"href":"https:\/\/netzwerke-21.de\/index.php?rest_route=\/wp\/v2\/users\/6"}],"replies":[{"embeddable":true,"href":"https:\/\/netzwerke-21.de\/index.php?rest_route=%2Fwp%2Fv2%2Fcomments&post=13256"}],"version-history":[{"count":2,"href":"https:\/\/netzwerke-21.de\/index.php?rest_route=\/wp\/v2\/posts\/13256\/revisions"}],"predecessor-version":[{"id":13258,"href":"https:\/\/netzwerke-21.de\/index.php?rest_route=\/wp\/v2\/posts\/13256\/revisions\/13258"}],"wp:attachment":[{"href":"https:\/\/netzwerke-21.de\/index.php?rest_route=%2Fwp%2Fv2%2Fmedia&parent=13256"}],"wp:term":[{"taxonomy":"category","embeddable":true,"href":"https:\/\/netzwerke-21.de\/index.php?rest_route=%2Fwp%2Fv2%2Fcategories&post=13256"},{"taxonomy":"post_tag","embeddable":true,"href":"https:\/\/netzwerke-21.de\/index.php?rest_route=%2Fwp%2Fv2%2Ftags&post=13256"}],"curies":[{"name":"wp","href":"https:\/\/api.w.org\/{rel}","templated":true}]}}