{"id":12422,"date":"2015-10-23T19:51:53","date_gmt":"2015-10-23T17:51:53","guid":{"rendered":"http:\/\/netzwerke-21.de\/?p=12422"},"modified":"2015-10-25T09:38:12","modified_gmt":"2015-10-25T07:38:12","slug":"focus-baustellen-halten-feinstaubwerte-in-stuttgarter-city-hoch","status":"publish","type":"post","link":"https:\/\/netzwerke-21.de\/?p=12422","title":{"rendered":"Focus: Baustellen halten Feinstaubwerte in Stuttgarter City hoch"},"content":{"rendered":"<p>Focus berichtet heute (<a title=\"Baustellen halten Feinstaubwerte in Stuttgarter City hoch\" href=\"http:\/\/www.focus.de\/regional\/stuttgart\/verkehr-baustellen-halten-feinstaubwerte-in-stuttgarter-city-hoch_id_5035353.html\" target=\"_blank\">hier<\/a>), dass die Baustellen rund um den Hauptbahnhof &#8222;<em>die Luftverschmutzung im Stuttgarter Talkessel auf Rekordwerten<\/em>&#8220; halten. Focus schreibt weiter:<em> &#8222;Eine Analyse der Partikel auf den Staubfiltern zeige erh\u00f6hte Anteile von Calcium, Magnesium und Aluminium, was typisch f\u00fcr Baustellen-Feinstaub sei. Von den 64 \u00dcberschreitungen der erlaubten Tagesmittelwerte am Neckartor im Jahr 2014 seien 14 auf Baustellenschmutz zur\u00fcckzuf\u00fchren, hie\u00df es. Auch am Platz vor dem Bahnhof gab es erh\u00f6hte Werte.&#8220; <\/em><\/p>\n<p>Dies ist eine wichtige Information, \u00fcber die in den Stuttgarter Medien nur am Rande zu lesen ist.\u00a0 <a title=\"Aktionsplan wegen blauen Brief aus Br\u00fcssel: Was ist mit dem Lkw-Baustellenverkehr bei Stuttgart 21 ?\" href=\"http:\/\/netzwerke-21.de\/?p=10587\" target=\"_blank\">In der Berichterstattung rund um die Feinstaubproblematik, den Aktionsplan und geplanten Fahrverbote wird die zus\u00e4tzliche Belastung durch den LkwVerkehr zum Bau von Stuttgart 21 nicht erw\u00e4hnt<\/a>. Dabei wird die Stuttgarter Innenstadt und besonders die Wohngebiete am Nordbahnhofviertel, Wart- und Kriegsberg sowie dem Kernerviertel viele Jahre durch den zus\u00e4tzlichen Baustellenverkehr betroffen sein. <a title=\"Blauer Brief aus Br\u00fcssel: Netzwerke wenden sich an OB wegen Luftbelastung durch jahrelangen Baustellenverkehr bei S 21\" href=\"http:\/\/netzwerke-21.de\/?p=6313\" target=\"_blank\">Die Netzwerke hatten daher sich bereits zu Beginn des Jahres in einem Schreiben an die Stadt Stuttgart gewandt und ein Belastungsszenario durch die zus\u00e4tzlichen Lkw-Kolonnen gefordert.<\/a> Bis heute kam keine Reaktion.<\/p>\n<p>Mehr zum Verkehr in Stuttgart, den Belastungen durch Luftschadstoffe und den gesundheitlichen Folgen finden Sie auf der <a href=\"https:\/\/bineckartor.wordpress.com\/\" target=\"_blank\">Webseite der B\u00fcrgerinitiative Neckartor.<\/a><\/p>\n","protected":false},"excerpt":{"rendered":"<p>Focus berichtet heute (hier), dass die Baustellen rund um den Hauptbahnhof &#8222;die Luftverschmutzung im Stuttgarter Talkessel auf Rekordwerten&#8220; halten. Focus schreibt weiter: &#8222;Eine Analyse der Partikel auf den Staubfiltern zeige erh\u00f6hte Anteile von Calcium, Magnesium und Aluminium, was typisch f\u00fcr &hellip; <a href=\"https:\/\/netzwerke-21.de\/?p=12422\">Weiterlesen <span class=\"meta-nav\">&rarr;<\/span><\/a><\/p>\n","protected":false},"author":6,"featured_media":0,"comment_status":"closed","ping_status":"closed","sticky":false,"template":"","format":"standard","meta":{"footnotes":""},"categories":[1,41,21,20,42,43,18,26],"tags":[],"class_list":["post-12422","post","type-post","status-publish","format-standard","hentry","category-allgemein","category-baulogistik","category-kernerviertel","category-killesberg","category-luftschadstoffe-feinstaub","category-nordbahnhofviertel","category-schreiben-netzwerke","category-stadt-stuttgart"],"_links":{"self":[{"href":"https:\/\/netzwerke-21.de\/index.php?rest_route=\/wp\/v2\/posts\/12422","targetHints":{"allow":["GET"]}}],"collection":[{"href":"https:\/\/netzwerke-21.de\/index.php?rest_route=\/wp\/v2\/posts"}],"about":[{"href":"https:\/\/netzwerke-21.de\/index.php?rest_route=\/wp\/v2\/types\/post"}],"author":[{"embeddable":true,"href":"https:\/\/netzwerke-21.de\/index.php?rest_route=\/wp\/v2\/users\/6"}],"replies":[{"embeddable":true,"href":"https:\/\/netzwerke-21.de\/index.php?rest_route=%2Fwp%2Fv2%2Fcomments&post=12422"}],"version-history":[{"count":10,"href":"https:\/\/netzwerke-21.de\/index.php?rest_route=\/wp\/v2\/posts\/12422\/revisions"}],"predecessor-version":[{"id":12470,"href":"https:\/\/netzwerke-21.de\/index.php?rest_route=\/wp\/v2\/posts\/12422\/revisions\/12470"}],"wp:attachment":[{"href":"https:\/\/netzwerke-21.de\/index.php?rest_route=%2Fwp%2Fv2%2Fmedia&parent=12422"}],"wp:term":[{"taxonomy":"category","embeddable":true,"href":"https:\/\/netzwerke-21.de\/index.php?rest_route=%2Fwp%2Fv2%2Fcategories&post=12422"},{"taxonomy":"post_tag","embeddable":true,"href":"https:\/\/netzwerke-21.de\/index.php?rest_route=%2Fwp%2Fv2%2Ftags&post=12422"}],"curies":[{"name":"wp","href":"https:\/\/api.w.org\/{rel}","templated":true}]}}