{"id":12147,"date":"2015-10-13T19:17:23","date_gmt":"2015-10-13T17:17:23","guid":{"rendered":"http:\/\/netzwerke-21.de\/?p=12147"},"modified":"2015-10-13T22:26:57","modified_gmt":"2015-10-13T20:26:57","slug":"stz-laute-s-21-arbeiten-in-wangen-fuenf-familien-naechtigen-im-hotel","status":"publish","type":"post","link":"https:\/\/netzwerke-21.de\/?p=12147","title":{"rendered":"Baul\u00e4rm in Wangen zu laut. F\u00fcnf Familien \u00fcbernachten im Hotel"},"content":{"rendered":"<p>Die Stuttgarter Nachrichten berichtete gestern (<a title=\"StN http:\/\/www.stuttgarter-nachrichten.de\/inhalt.stuttgart-21-s-21-baulaerm-laut-gutachter-unzumutbar.88e5d97a-bd8e-4ed5-ba9f-cc3f1c39044e.html\" href=\"http:\/\/www.stuttgarter-nachrichten.de\/inhalt.stuttgart-21-s-21-baulaerm-laut-gutachter-unzumutbar.88e5d97a-bd8e-4ed5-ba9f-cc3f1c39044e.html\" target=\"_blank\">hier<\/a>) , dass &#8222;<em>ein L\u00e4rmgutachter best\u00e4tigt hat, dass in den H\u00e4usern \u00fcber der Bahn-Tunnelbaustelle in Wangen in der Nacht nicht gewohnt werden kann. Die Messungen h\u00e4tten den subjektiven Eindruck der Eigent\u00fcmer, die unmittelbar \u00fcber dem Tunnelvertrieb wohnen, best\u00e4tigt, sagt ein Sprecher des Projekts Stuttgart 21 zu deren L\u00e4rmbeschwerden&#8220;<\/em>.<\/p>\n<p>Die Stuttgarter Zeitung berichtete heute (<a title=\"StZ: Laute S 21-Arbeiten in Wangen: F\u00fcnf Familien n\u00e4chtigen im Hotel\" href=\"http:\/\/www.stuttgarter-zeitung.de\/inhalt.stuttgart-21-laute-s-21-arbeiten-in-wangen-fuenf-familien-naechtigen-im-hotel.f9265029-dd4f-4372-8021-73d5600fdca5.html\" target=\"_blank\">hier<\/a>) dar\u00fcber, dass das Angebot der Bahn, \u00fcber die Nacht ins Hotel zu ziehen, f\u00fcnf Familien angenommen haben. Die Bahn hat am Montag Abend Anwohner \u00fcber die Tunnelbauarbeiten informiert. Sie ist weiterhin mit der Landesbergbaudirektion im Gespr\u00e4ch, um auch im Nachtzeitraum zwischen 22 Uhr und 6 Uhr die Erlaubnis f\u00fcr den Sprengvortrieb zu erhalten.<\/p>\n<p>\u00dcber den Zeitplan schreibt die StZ: &#8222;<em>Allerdings m\u00fcssen die Anwohner im Bereich N\u00e4hterstra\u00dfe\/Im Degen\/J\u00e4gerhalde das \u201esehr bel\u00e4stigende Ger\u00e4usch\u201c, so Bitzer, noch einige Zeit aushalten, sollte es bei den Mei\u00dfelarbeiten bleiben: die Tunnelarbeiten an der Westr\u00f6hre, die momentan den L\u00e4rm ausl\u00f6sen, dauern in diesem Bereich noch bis Januar, mit der parallel verlaufenden Westr\u00f6hre ist man in Wangen wohl erst im Fr\u00fchjahr 2016 fertig.&#8220; <\/em><\/p>\n<p>Letzte Woche kamen\u00a0 die Vortriebsarbeiten in der Westr\u00f6hre durchschnittlich ca. 1,7 Meter pro Tag, in der Ostr\u00f6hre 0,57 Meter voran. Die aktuellen Vortriebsst\u00e4nde werden jeweils Anfang der Woche auf der <a href=\"http:\/\/www.bahnprojekt-stuttgart-ulm.de\/auf-der-baustelle\/tunnelvortrieb-vortriebsstaende\/\" target=\"_blank\">Seite des Kommunikationsb\u00fcros<\/a> ver\u00f6ffentlicht. Die Ostr\u00f6hre liegt noch ca. 200 Meter hinter dem Vortriebsstand der Westr\u00f6hre, deren Vortrieb den Anwohnern schon seit l\u00e4ngerem den Schlaf raubt. <a title=\"Wangen: monatelanger L\u00e4rm und Ersch\u00fctterungen durch Mei\u00dfel- und Sprengarbeiten und unzureichende Informationen\" href=\"http:\/\/netzwerke-21.de\/?p=11663\" target=\"_blank\">Wir hatten Ende September dar\u00fcber berichtet.<\/a><\/p>\n","protected":false},"excerpt":{"rendered":"<p>Die Stuttgarter Nachrichten berichtete gestern (hier) , dass &#8222;ein L\u00e4rmgutachter best\u00e4tigt hat, dass in den H\u00e4usern \u00fcber der Bahn-Tunnelbaustelle in Wangen in der Nacht nicht gewohnt werden kann. Die Messungen h\u00e4tten den subjektiven Eindruck der Eigent\u00fcmer, die unmittelbar \u00fcber dem &hellip; <a href=\"https:\/\/netzwerke-21.de\/?p=12147\">Weiterlesen <span class=\"meta-nav\">&rarr;<\/span><\/a><\/p>\n","protected":false},"author":6,"featured_media":0,"comment_status":"closed","ping_status":"closed","sticky":false,"template":"","format":"standard","meta":{"footnotes":""},"categories":[8,13,30,53],"tags":[],"class_list":["post-12147","post","type-post","status-publish","format-standard","hentry","category-bauarbeiten","category-laerm","category-wangen","category-zeitplan"],"_links":{"self":[{"href":"https:\/\/netzwerke-21.de\/index.php?rest_route=\/wp\/v2\/posts\/12147","targetHints":{"allow":["GET"]}}],"collection":[{"href":"https:\/\/netzwerke-21.de\/index.php?rest_route=\/wp\/v2\/posts"}],"about":[{"href":"https:\/\/netzwerke-21.de\/index.php?rest_route=\/wp\/v2\/types\/post"}],"author":[{"embeddable":true,"href":"https:\/\/netzwerke-21.de\/index.php?rest_route=\/wp\/v2\/users\/6"}],"replies":[{"embeddable":true,"href":"https:\/\/netzwerke-21.de\/index.php?rest_route=%2Fwp%2Fv2%2Fcomments&post=12147"}],"version-history":[{"count":13,"href":"https:\/\/netzwerke-21.de\/index.php?rest_route=\/wp\/v2\/posts\/12147\/revisions"}],"predecessor-version":[{"id":12189,"href":"https:\/\/netzwerke-21.de\/index.php?rest_route=\/wp\/v2\/posts\/12147\/revisions\/12189"}],"wp:attachment":[{"href":"https:\/\/netzwerke-21.de\/index.php?rest_route=%2Fwp%2Fv2%2Fmedia&parent=12147"}],"wp:term":[{"taxonomy":"category","embeddable":true,"href":"https:\/\/netzwerke-21.de\/index.php?rest_route=%2Fwp%2Fv2%2Fcategories&post=12147"},{"taxonomy":"post_tag","embeddable":true,"href":"https:\/\/netzwerke-21.de\/index.php?rest_route=%2Fwp%2Fv2%2Ftags&post=12147"}],"curies":[{"name":"wp","href":"https:\/\/api.w.org\/{rel}","templated":true}]}}