{"id":11982,"date":"2015-10-09T21:32:39","date_gmt":"2015-10-09T19:32:39","guid":{"rendered":"http:\/\/netzwerke-21.de\/?p=11982"},"modified":"2017-12-08T00:05:42","modified_gmt":"2017-12-07T22:05:42","slug":"zur-infoveranstaltung-fuer-das-kernerviertel-am-7-oktober-mehr-gebaeude-sollen-passiven-schallschutz-erhalten","status":"publish","type":"post","link":"https:\/\/netzwerke-21.de\/?p=11982","title":{"rendered":"Zur Infoveranstaltung f\u00fcr das Kernerviertel am 7.Oktober. Mehr Geb\u00e4ude sollen passiven Schallschutz erhalten. B\u00e4ume werden gef\u00e4llt. SSB Richtung Charlottenplatz l\u00e4nger unterbrochen."},"content":{"rendered":"<hr \/>\n<p>Die Anwohnerveranstaltung letzten Mittwoch im Rathaus machte wieder deutlich, wie stark die Anwohner des Kernerviertels durch die zahlreichen Gro\u00dfbaustellen von Stuttgart 21 rund um den Hauptbahnhof betroffen sein werden. Auch wenn die meisten der geplanten Bauarbeiten schon bekannt sind bzw. in den Veranstaltung vom <a title=\"Pr\u00e4sentationsunterlagen zur Informationsveranstaltung der SSB und der Bahn im Rathaus im Netz\" href=\"http:\/\/netzwerke-21.de\/?p=3023\" target=\"_blank\" rel=\"noopener noreferrer\">Juni 2014<\/a> und <a title=\"D\u00e9j\u00e0-vus, Nebelkerzen und unbeantwortete Fragen \u2013 zur Informationsveranstaltung f\u00fcr die Anwohner des Kernerviertels\" href=\"http:\/\/netzwerke-21.de\/?p=8544\" target=\"_blank\" rel=\"noopener noreferrer\">April 2015<\/a> vorgestellt wurden. Vielleicht war die Anwohnerveranstaltung\u00a0 deshalb weniger besucht als sonst.<\/p>\n<p>Die Veranstaltung er\u00f6ffneten Alice Kaiser, die st\u00e4dtische B\u00fcrgerbeauftragte und Dr.Timo John als stellvertretender Bezirksvorsteher. Dr. John (CDU) z\u00e4hlte die Vielzahl an aktuellen Baustellen im Stadtbezirk Mitte auf und betonte, dass der Bezirksbeirat Mitte fraktions\u00fcbergreifend die betroffenen Anwohner unterst\u00fctzt. Die Pr\u00e4sentationen \u00fcber die geplanten Bauma\u00dfnahmen hielten Michael Pradel, der neue Abschnittsleiter f\u00fcr den Tiefbahnhof, und Winfried Reichle, Infrastrukturleiter der SSB f\u00fcr Stuttgart 21. Die Folien finden Sie <strong><a href=\"http:\/\/netzwerke-21.de\/wordpress\/wp-content\/uploads\/20151007-Informationsabend_Stuttgart_Kernerviertel-1.pdf\" target=\"_blank\" rel=\"noopener noreferrer\">hier<\/a>.<\/strong><\/p>\n<p><img loading=\"lazy\" decoding=\"async\" class=\"attachment-900x900\" src=\"http:\/\/netzwerke-21.de\/wordpress\/wp-content\/uploads\/Bauarbeiten-S%C3%BCdkopf.jpg\" alt=\"Bauarbeiten S\u00fcdkopf\" width=\"597\" height=\"399\" \/><\/p>\n<p>Weitere Informationen finden Sie in den Zeitungsmeldungen der <a title=\"B\u00e4ume fallen f\u00fcr Stuttgart\u200921\" href=\"http:\/\/www.stuttgarter-zeitung.de\/inhalt.durchgangsbahnhof-baeume-fallen-fuer-stuttgart-21.27024baf-739a-499d-b0b5-8005d68d5039.html\" target=\"_blank\" rel=\"noopener noreferrer\">StZ<\/a>, der <a title=\"Mehr Schallschutz und Hotelgutscheine\" href=\"http:\/\/www.stuttgarter-nachrichten.de\/inhalt.stuttgart-21-mehr-schallschutz-und-hotelgutscheine.9c468ad0-0e7c-4165-b3f0-55344ca400f7.html\" target=\"_blank\" rel=\"noopener noreferrer\">StN<\/a> sowie den Pressemitteilungen der <a href=\"http:\/\/www.bahnprojekt-stuttgart-ulm.de\/no_cache\/aktuell\/newsdetail\/news\/umfangreiche-bauarbeiten-am-suedkopf-des-neuen-hauptbahnhofs\/newsParameter\/detail\/News\/datum\/20151007\/\" target=\"_blank\" rel=\"noopener noreferrer\">Bahn<\/a> und der <a title=\"Folgema\u00dfnahme Neubau Haltestelle Staatsgalerie - Weiteres Baufeld in der Schillerstra\u00dfe in Vorbereitung\" href=\"http:\/\/www.ssb-ag.de\/Presse-48-0.html?ID=568\" target=\"_blank\" rel=\"noopener noreferrer\">SSB<\/a>. <a href=\"https:\/\/plus.google.com\/photos\/112478480755709713158\/albums\/6203248360481802929\" target=\"_blank\" rel=\"noopener noreferrer\">Wolfgang R\u00fcter hat auf der Veranstaltung fotografiert.\u00a0 <\/a><\/p>\n<p>Im Gegensatz zur letzten Veranstaltung im April bem\u00fchten sich die Vertreter der Bahn die meisten Fragen, die das Netzwerk Kernerviertel im Vorfeld eingereicht hatte, zu beantworten. Auch wenn einige Antworten zu den anstehenden Beeintr\u00e4chtigungen und dem Zeitplan -teilweise auch wegen der Vielzahl von Themen- im Unkonkreten blieben. Die \u00dcbersicht \u00fcber die Fragen des Netzwerks und die Antworten der Bahn und der SSB finden Sie <a href=\"http:\/\/netzwerke-21.de\/wordpress\/wp-content\/uploads\/20151007-Infoveranstaltung-Fragen-und-Antworten2.pdf\" target=\"_blank\" rel=\"noopener noreferrer\">hier<\/a>. 2015 und 2016 sollen folgende Bauarbeiten in unmittelbarer N\u00e4he des Kernerviertels durchgef\u00fchrt werden:<\/p>\n<p><strong>1. Tunnelbau \/ Tunnelportal Rettungszufahrt <\/strong><\/p>\n<ul>\n<li>Bevor der Aushub des Tunnelvortriebs Richtung Wangen und Wendekaverne im Laufe des Jahres 2016 startet, wird das L\u00e4rmschutzdach \u00fcber dem Tunnelportal Rettungszufahrt installiert.<\/li>\n<li>Ein konkreter Zeitplan f\u00fcr den Vortriebsbeginn wurde nicht genannt. Nach dem zuletzt vorgestellten Zeitplan sollte der Tunnelvortrieb eigentlich im Oktober 2015 starten. Voraussetzung ist die Fertigstellung des Verzweigungsbauwerks S\u00fcd unterhalb des Kernerviertels. Derzeit laufen nach Aussage des DB Projekt Vorstands Manfred Leger erst einmal noch Sicherungsma\u00dfnahmen am Verzweigungsbauwerk.<\/li>\n<li>Mit dem Tunnelvortrieb soll auch das F\u00f6rderband mit einem Emissionswert von 76 dB(A) (Linienschallquelle) in Betrieb gehen. Nach Einsch\u00e4tzung der Bahn soll das F\u00f6rderband keinen nennenswerten (&#8222;pegelbestimmenden&#8220;) L\u00e4rm verursachen, auch wenn bis zu 30 cm gro\u00dfe Steinbrocken aus dem Sprengvortrieb darin transportiert werden. Dies h\u00e4tte ein Testbetrieb best\u00e4tigt.<\/li>\n<li>Zur Vorbereitung der Tunnelvortriebsarbeiten im Anfahrbereich\/ Kernerviertel werden 2016 die Sch\u00e4chte f\u00fcr die Hebungsinjektionen gegraben. Zwei davon in der Urbanstra\u00dfe, die w\u00e4hrend dieser Bauarbeiten teilgesperrt wird. An den Geb\u00e4uden mit geringer Unterfahrungstiefe werden Schlauchwaagensysteme installiert. Die betroffenen Eigent\u00fcmer im Kernerviertel\u00a0 werden noch von der Bahn bis sp\u00e4testens Ende 2015 zu einer Informationsveranstaltung eingeladen.<\/li>\n<\/ul>\n<p><strong>2. Trogbaufeld 25 (S\u00e4ngerstra\u00dfe)<br \/>\n<\/strong><\/p>\n<ul>\n<li>Bis November soll der provisorische Zugang zur SSB-Haltestelle Staatsgalerie, an dem seit fast einem Jahr gebaut wurde, fertig sein. Damit\u00a0 deutlich sp\u00e4ter als geplant (<a href=\"http:\/\/netzwerke-21.de\/wordpress\/wp-content\/uploads\/Baufeld-25.jpg\" target=\"_blank\" rel=\"noopener noreferrer\">M\u00e4rz 2015<\/a>). Eine Ursache daf\u00fcr ist die Bodenplatte, die wegen der der Verankerung der L\u00e4rmschutzwand eingezogen werden musste.<\/li>\n<li>Bis Ende 2015 soll die 10 Meter hohe L\u00e4rmschutzwand entlang der S\u00e4ngerstra\u00dfe installiert werden. Anschlie\u00dfend wird die Spindel, der alte Zugang zur SSB-Haltstelle abgerissen. Die Wand soll in den n\u00e4chsten 3-4 Jahren stehen bleiben und enth\u00e4lt auch ein Rolltor als Zufahrt f\u00fcr die dort vorhandenen Parkpl\u00e4tze.<\/li>\n<li>\u00a0Nach der auf der Pressekonferenz im August 2014 zum Trogbau vorgestellten <a href=\"http:\/\/netzwerke-21.de\/wordpress\/wp-content\/uploads\/Baufeld-25.jpg\" target=\"_blank\" rel=\"noopener noreferrer\">Planung der Firma Z\u00fcblin <\/a>sollten noch zwischen M\u00e4rz 2015 bis Juli 2016\u00a0 die Hauptbauarbeiten am Baufeld 25 laufen. Jetzt sollen die Tiefbau- und Gr\u00fcndungsarbeiten im n\u00e4chsten Jahr starten. Die einzelnen Bauphasen der Bauarbeiten im Baufeld 25 f\u00fcr das Jahr 2016 finden Sie <a href=\"http:\/\/netzwerke-21.de\/wordpress\/wp-content\/uploads\/Bauplan-Baufeld-25-2016.jpg\" target=\"_blank\" rel=\"noopener noreferrer\">hier<\/a>. F\u00fcr die Gr\u00fcndung m\u00fcssen Bohrpf\u00e4hle und im Bereich einer Doline neben der Polizeistation gesetzt werden. \u00dcber die Auswirkungen der Rammarbeiten in diesem Bereich wird derzeit noch ein ersch\u00fctterungstechnisches Gutachten erstellt. Die Bahn rechnet aufgrund einer Testrammung im Jahr 2013 in diesem Bereich mit keinen nennenswerten Ersch\u00fctterungen.<\/li>\n<\/ul>\n<p><strong>3. Trogbaufeld 16 und 22, Nesenbachd\u00fcker<br \/>\n<\/strong><\/p>\n<ul>\n<li>Auf Nachfrage aus dem Publikum begr\u00fcndete der neue Abschnittsleiter f\u00fcr Tiefbahnhof, Michael Pradel, die Verz\u00f6gerung am\u00a0 Baufeld 16 mit noch erforderlichen Freigabeprozessen durch das Eisenbahn-Bundesamt. Das EBA will die Freigabe erst nach Erstellung eines Pr\u00fcf- und Gegenpr\u00fcfmodels f\u00fcr die an das Baufeld angrenzenden Trogbaufelder erteilen. Die Bauverz\u00f6gerung soll jedoch wieder aufgeholt werden. Welche Bauarbeiten parallel laufen sollen bzw. Zeitpl\u00e4ne nannte er jedoch nicht.<\/li>\n<li>\u00a0Zu den Bauma\u00dfnahmen der Bahn (Baufeld 22 und Nesenbachd\u00fcker) und der SSB (Neubau Haltestelle) entlang der B14 und Schillerstra\u00dfe pr\u00e4sentierte Pradel den <a href=\"http:\/\/www.bahnprojekt-stuttgart-ulm.de\/no_cache\/mediathek\/detail\/media\/informationsabend-stuttgart-kernerviertel\/mediaParameter\/show\/Medium\/\" target=\"_blank\" rel=\"noopener noreferrer\">Bauablauf<\/a>, ohne allerdings konkrete Zeitangaben zu nennen. Nach der auf der Pressekonferenz im August 2014 zum Trogbau vorgestellten Planung der Firma Z\u00fcblin sollten bereits im April 2016 der Trogblock 22, auf dem die SSB die neue Haltestelle bauen will,\u00a0 fertiggestellt sein.<\/li>\n<li>Ob die Rammarbeiten in den Trogbaufeld 22 Auswirkungen auf die Geb\u00e4ude des Kernerviertels haben, erhielten die Anwohner erneut keine Information. Das Netzwerk Kernerviertel hakte daher au\u00dferhalb der Veranstaltung nochmals beim Vorstand\u00a0 der DB Projekt nach. Laut deren Einsch\u00e4tzung werden die Rammarbeiten im Kernerviertel kaum sp\u00fcrbar sein. Mit den noch 2013 vom Gutachter prognostizierten schweren Ersch\u00fctterungen sei nicht zu rechnen. Ein neues Gutachten sei jedoch nur zu den Rammarbeiten im Baufeld 25 in Arbeit.<\/li>\n<\/ul>\n<p><strong>4. SSB-Neubau Haltestelle Staatsgalerie<br \/>\n<\/strong><\/p>\n<ul>\n<li style=\"list-style-type: none;\">\n<ul>\n<li>Parallel zum Baufeld neben dem Innenministeriums\/Planetarium will die SSB vor dem K\u00f6nigin-Katharinen-Stift die Tiefbauarbeiten f\u00fcr den neuen Tunnel Richtung Charlottenplatz starten.<\/li>\n<li>Dazu sollen im Oktober B\u00e4ume vor dem K\u00f6nigin-Katharinen-Stift und dem Mittelstreifen der Schillerstra\u00dfe gef\u00e4llt werden.<\/li>\n<li>In Nachtarbeiten wird die Schillerstra\u00dfe nach Osten verschwenkt. Alle Fahrspuren sollen erhalten bleiben.<\/li>\n<li>Die SSB-Haltestelle Staatsgalerie wird duch die Bohrpfahlsetzungen und Abrissarbeiten beeintr\u00e4chtigt. Wegen Abrissarbeitenwird f\u00fcr 14 Tage der Ausgang Richtung Planetarium gesperrt.<\/li>\n<li>2016 wird der Fu\u00dfweg von der Haltestelle Richtung Hauptbahnhof auf Dauer gesperrt. Zu Fu\u00df wird der Hauptbahnhof bzw. die Innenstadt vom Kernerviertel aus nur noch \u00fcber Wullesteg oder den Weg zwischen Schauspielhaus und K\u00f6nigin-Katharinen-Stift m\u00f6glich sein.<\/li>\n<li>Neu war die Ank\u00fcndigung des SSB-Vertreters, dass die Stammstrecke Staatsgalerie-Charlottenplatz ab Pfingsten 2016 nicht wie angek\u00fcndigt nur f\u00fcr 9 Monate, sondern jetzt f\u00fcr den Zeitraum von 15 (!) Monaten unterbrochen werden soll. <a title=\"Start der Vorbereitungsarbeiten zur Verlegung der SSB-Haltestelle Staatsgalerie \u2013 Bauverz\u00f6gerungen absehbar\" href=\"http:\/\/netzwerke-21.de\/?p=4988\" target=\"_blank\" rel=\"noopener noreferrer\">Damit best\u00e4tigt sich unsere Einsch\u00e4tzung zu Beginn der SSB-Bauarbeiten, dass Bauverz\u00f6gerungen absehbar sind.<\/a>. Ohne die Fertigstellung des Trogbaufeldes 22 durch die Bahn ist der Bau und die Inbetriebnahme der neuen Haltestelle unrealistisch.\u00a0 <a title=\"15 statt 9 Monate: U 1, U2 und U4 Richtung Charlottenplatz wird noch l\u00e4nger als geplant unterbrochen\" href=\"http:\/\/netzwerke-21.de\/?p=8877\" target=\"_blank\" rel=\"noopener noreferrer\">Bereits in einem StZ-Bericht Anfang Mai deutete sich an, dass die Sperrung der Stecke l\u00e4nger dauern wird<\/a>.<\/li>\n<li>Mitte 2018 soll die neue Haltestelle Staatsgalerie in Betrieb gehen.<\/li>\n<li>Der bisher genannte Zeitraum der anschlie\u00dfende Sperrung der Stammstrecke Staatsgalerie-Hauptbahnhof von 2 Jahren (Mitte 2017- Mitte 2019) ist vorl\u00e4ufig. Es h\u00e4ngt vom Zeitplan der Baufirma ab, die den Zuschlag erh\u00e4lt. Auch ist die SSB vom Baufortschritt der Bahn beim Bau des Nesenbachd\u00fckers und des Tiefbahnhofs abh\u00e4ngig. Winfried Reichle kommentierte dies bei seiner Pr\u00e4sentation mit einem Nebensatz, &#8222;<em>bis wir halt fertig sind&#8220;<\/em>. Dabei sollte nach der Planfeststellung von Stuttgart 21 die SSB nur einmal in den Ferien 14 Tage unterbrochen werden. Jetzt sind es mittlerweile 3,5 Jahre. Weitere Verz\u00f6gerungen sind durch den komplexen Baubetrieb sind nicht ausgeschlossen. \u00dcber die Abh\u00e4ngigkeiten der Bauarbeiten haben wir in unserem Beitrag <a title=\"Umwege und komplexe Bauabl\u00e4ufe: zum Baustart des Nesenbachd\u00fckers am 8.Juni 2015\" href=\"http:\/\/netzwerke-21.de\/?p=9240\" target=\"_blank\" rel=\"noopener noreferrer\">&#8222;Umwege und komplexe Bauabl\u00e4ufe: zum Baustart des Nesenbachd\u00fckers am 8.Juni 2015&#8220;<\/a> berichtet.<\/li>\n<\/ul>\n<\/li>\n<\/ul>\n<p>Dies sind nur die Baustellen in unmitelbarer N\u00e4he des Kernerviertels, die 2015\/16 geplant sind. \u00dcber die zu erwartenden Beeintr\u00e4chtigungen durch den Baul\u00e4rm wurde auf der Veranstaltung eine Schallimmisionskarte pr\u00e4sentiert, jedoch ohne diese n\u00e4her zu erl\u00e4utern, welche Strassenz\u00fcge vom jahrelangem Baul\u00e4rm betroffen sein werden.<\/p>\n<p>Daneben wurden die Anwohner informiert, dass ein neues schalltechnisches Detailgutachten f\u00fcr die Bauarbeiten rund um den Hauptbahnhof zwischen Kriegsberg und Kernerviertel erstellt worden sei. Das Gutachten soll am 20.Oktober 2015 auf die <a href=\"http:\/\/www.bahnprojekt-stuttgart-ulm.de\/no_cache\/mediathek\/detail\/media\/immissionen-messberichte-schall-pfa-11-2014\/mediaParameter\/show\/Medium\/\" target=\"_blank\" rel=\"noopener noreferrer\">Homepage des Kommunikationsb\u00fcros <\/a>gestellt werden, nachdem Bahnvertreter\u00a0 im Umwelt- und Technikausschuss \u00fcber die weiteren Schutzma\u00dfnahmen f\u00fcr das Kernerviertel berichtet haben.<\/p>\n<p>Trotz der geplanten aktiven Schallschutzma\u00dfnahmen geht das Gutachten von einem lauteren L\u00e4rmgeschehen aus, auch wenn sich laut der Pressemitteilung die L\u00e4rmschutzw\u00e4nde &#8222;<em>insbesondere im Nahbereich der Baustellen deutlich pegelmindernd<\/em>&#8220; auswirken. In anderen Stra\u00dfenz\u00fcgen (keine n\u00e4heren Infos auf der Veranstaltung) soll es lauter als bisher geplant werden. Weitere 40 Geb\u00e4ude im Kernerviertel sollen deshalb mit passiven Schallschutz ausgestattet werden. Dennoch ist die Tatsache, dass die Bahn nochmals einen hohen Betrag f\u00fcr weitere Schallschutzma\u00dfnahmen in die Hand nimmt, aus Sicht der Anwohner zu begr\u00fc\u00dfen. Nach Aussage von Dr. Florian Bitzer, Abschnittleiter f\u00fcr Umwelt, soll damit die maximal laute L\u00e4rmbelastung abgedeckt sein, wenn wegen des Zeitverzugs an mehr Baustellen als geplant parallel gearbeitet wird. Damit best\u00e4tigt sich auch die Bef\u00fcrchtung des Netzwerks, dass die Anwohner den Zeitverzug mit mehr Baustellen &#8222;ausbaden&#8220; m\u00fcssen. Ob dabei tats\u00e4chlich 2,5 Jahre Zeitverzug eingeholt werden kann und damit die Baustellen einen k\u00fcrzeren Zeitraum belasten, ist Skepsis angesagt. <a title=\"Zwischenbilanz zum Baufortschritt nach einem Jahr Trogbauarbeiten f\u00fcr den Tiefbahnhof\" href=\"http:\/\/netzwerke-21.de\/?p=10674\" target=\"_blank\" rel=\"noopener noreferrer\">Wir hatten \u00fcber die Bauverz\u00f6gerungen am &#8222;Tiefbahnhof&#8220; zuletzt im August berichtet. <\/a>Andererseits kann mit einem reduzierteren Baugeschehen der L\u00e4rmpegel unter den Prognosen liegen.<\/p>\n<p>In der <a title=\"Umfangreiche Bauarbeiten am S\u00fcdkopf des neuen Hauptbahnhofs Zus\u00e4tzliche Schallschutzma\u00dfnahmen\" href=\"http:\/\/www.bahnprojekt-stuttgart-ulm.de\/no_cache\/aktuell\/newsdetail\/news\/umfangreiche-bauarbeiten-am-suedkopf-des-neuen-hauptbahnhofs\/newsParameter\/detail\/News\/datum\/20151007\/\" target=\"_blank\" rel=\"noopener noreferrer\">Pressemitteilung<\/a> findet sich zu den Ursachen f\u00fcr die h\u00f6heren L\u00e4rmprognosen noch die Erkl\u00e4rung, dass &#8222;<em>im st\u00e4dtischen Umfeld \u00fcberlagern sich viele Schallquellen, die mitnichten alle dem Bahnprojekt zuzuordnen sind. Messung, Bewertung und letztlich Prognose sind deshalb anspruchsvoll.&#8220;\u00a0 <\/em>\u00dcberraschend, denn bisher wurde die Vorbelastung durch Strassenl\u00e4rm nicht bei den Prognosen ber\u00fccksichtigt.<\/p>\n<p>Abzuwarten bleibt, welches Baustellengeschehen dem Gutachten zugrunde gelegt wurde. Wir werden dar\u00fcber berichten, sobald es ver\u00f6ffentlicht ist. M\u00f6glicherweise basiert ein Teil der h\u00f6heren Pegelwerte auch auf einer konkreten L\u00e4rmplanung f\u00fcr die Bauarbeiten der SSB und des Nesenbachd\u00fckers auf Basis einer Ausf\u00fchrungsplanung. Diese waren bisher nur mit einem pauschalen Wert aus der Planfeststellung in die L\u00e4rmgutachten eingeflossen. Wir hatten zuletzt in unserem Beitrag &#8222;<a href=\"http:\/\/netzwerke-21.de\/?p=10902\" target=\"_blank\" rel=\"noopener noreferrer\">Der Charme des innerst\u00e4dtischen Bauens oder wie die Bahn bei Stuttgart 21 durch unzureichende L\u00e4rmgutachten an Grenzen kommt<\/a>&#8220; berichtet.<\/p>\n","protected":false},"excerpt":{"rendered":"<p>Die Anwohnerveranstaltung letzten Mittwoch im Rathaus machte wieder deutlich, wie stark die Anwohner des Kernerviertels durch die zahlreichen Gro\u00dfbaustellen von Stuttgart 21 rund um den Hauptbahnhof betroffen sein werden. Auch wenn die meisten der geplanten Bauarbeiten schon bekannt sind bzw. &hellip; <a href=\"https:\/\/netzwerke-21.de\/?p=11982\">Weiterlesen <span class=\"meta-nav\">&rarr;<\/span><\/a><\/p>\n","protected":false},"author":6,"featured_media":0,"comment_status":"closed","ping_status":"closed","sticky":false,"template":"","format":"standard","meta":{"footnotes":""},"categories":[83,8,28,27,50,72,21,11,26,58,4,10,53],"tags":[],"class_list":["post-11982","post","type-post","status-publish","format-standard","hentry","category-anwohnerveranstaltung","category-bauarbeiten","category-bauinfo-kommunikationsbuero","category-erschuetterungen","category-fusswege","category-hebungsinjektionen","category-kernerviertel","category-ssb","category-stadt-stuttgart","category-tiefbahnhof","category-unterfahrung","category-veranstaltungen","category-zeitplan"],"_links":{"self":[{"href":"https:\/\/netzwerke-21.de\/index.php?rest_route=\/wp\/v2\/posts\/11982","targetHints":{"allow":["GET"]}}],"collection":[{"href":"https:\/\/netzwerke-21.de\/index.php?rest_route=\/wp\/v2\/posts"}],"about":[{"href":"https:\/\/netzwerke-21.de\/index.php?rest_route=\/wp\/v2\/types\/post"}],"author":[{"embeddable":true,"href":"https:\/\/netzwerke-21.de\/index.php?rest_route=\/wp\/v2\/users\/6"}],"replies":[{"embeddable":true,"href":"https:\/\/netzwerke-21.de\/index.php?rest_route=%2Fwp%2Fv2%2Fcomments&post=11982"}],"version-history":[{"count":116,"href":"https:\/\/netzwerke-21.de\/index.php?rest_route=\/wp\/v2\/posts\/11982\/revisions"}],"predecessor-version":[{"id":26561,"href":"https:\/\/netzwerke-21.de\/index.php?rest_route=\/wp\/v2\/posts\/11982\/revisions\/26561"}],"wp:attachment":[{"href":"https:\/\/netzwerke-21.de\/index.php?rest_route=%2Fwp%2Fv2%2Fmedia&parent=11982"}],"wp:term":[{"taxonomy":"category","embeddable":true,"href":"https:\/\/netzwerke-21.de\/index.php?rest_route=%2Fwp%2Fv2%2Fcategories&post=11982"},{"taxonomy":"post_tag","embeddable":true,"href":"https:\/\/netzwerke-21.de\/index.php?rest_route=%2Fwp%2Fv2%2Ftags&post=11982"}],"curies":[{"name":"wp","href":"https:\/\/api.w.org\/{rel}","templated":true}]}}