{"id":11580,"date":"2015-09-23T19:31:51","date_gmt":"2015-09-23T17:31:51","guid":{"rendered":"http:\/\/netzwerke-21.de\/?p=11580"},"modified":"2017-08-14T13:51:35","modified_gmt":"2017-08-14T11:51:35","slug":"stz-und-stn-bahn-baut-ab-2018-torso-des-bahnhofsgebaeudes-um-hauptbahnhof-wird-zeitweise-gesperrt","status":"publish","type":"post","link":"https:\/\/netzwerke-21.de\/?p=11580","title":{"rendered":"StZ und StN: Bahn baut ab 2018 Torso des Bahnhofsgeb\u00e4udes um"},"content":{"rendered":"<p>Beide Stuttgarter Zeitungen (<a title=\"StZ Klett-Passage wird abgeh\u00e4ngt\" href=\"http:\/\/www.stuttgarter-zeitung.de\/inhalt.stuttgart-21-klett-passage-wird-abgehaengt.6b2bcbaa-d764-4cd1-9631-4c2f42f0743c.html\" target=\"_blank\" rel=\"noopener noreferrer\">StZ <\/a>\/ <a title=\"StN Hauptbahnhof wird zeitweise gesperrt\" href=\"http:\/\/www.stuttgarter-nachrichten.de\/inhalt.stuttgart-21-hauptbahnhof-wird-zeitweise-gesperrt.7db1defe-0c3d-4aa2-8b6d-322a6fd49dd9.html\" target=\"_blank\" rel=\"noopener noreferrer\">StN<\/a>) berichten heute \u00fcber die gestrige Sitzung des Umwelt- und Technikausschusses des Gemeinderates, in der die Bahn ihre Pl\u00e4ne f\u00fcr den nach den Abrissen der Seitenfl\u00fcgel noch vorhandenen Torso des Bonatzbaus vorgestellt hat. Die Bahn will in dem Geb\u00e4ude ab 2018 u.a. ein Hotel und Kongresszentrum bauen und stellte die Planungen f\u00fcr die architektonische Anbindung des Bonatzbaus an den &#8222;Tiefbahnhof&#8220; vor. Laut StZ-Bericht hakte der S\u00d6S Stadtrat Gangolf Stocker nach, <em>&#8222;warum die Pl\u00e4ne die Anbindung der G\u00e4ubahn an den Bahnhof nicht zeigten. Da der Filderbahnhof noch Jahre auf sich warten lasse, werde der Kopfbahnhof noch l\u00e4ngere Zeit gebraucht.&#8220;<\/em><\/p>\n<p>Die Bauarbeiten werden auch Auswirkungen auf die Fu\u00dfwege zu den Bahnsteigen haben. Zeitweise werden sie weiter eingeschr\u00e4nkt. Dagegen soll die vielbefahrende Schillerstra\u00dfe, einer der drei innerst\u00e4dtischen Querspangen, nach den Pl\u00e4nen der Stadt vor dem Bahnhofsgeb\u00e4ude verkehrsberuhigt werden.<\/p>\n","protected":false},"excerpt":{"rendered":"<p>Beide Stuttgarter Zeitungen (StZ \/ StN) berichten heute \u00fcber die gestrige Sitzung des Umwelt- und Technikausschusses des Gemeinderates, in der die Bahn ihre Pl\u00e4ne f\u00fcr den nach den Abrissen der Seitenfl\u00fcgel noch vorhandenen Torso des Bonatzbaus vorgestellt hat. Die Bahn &hellip; <a href=\"https:\/\/netzwerke-21.de\/?p=11580\">Weiterlesen <span class=\"meta-nav\">&rarr;<\/span><\/a><\/p>\n","protected":false},"author":6,"featured_media":0,"comment_status":"closed","ping_status":"closed","sticky":false,"template":"","format":"standard","meta":{"footnotes":""},"categories":[8,81,50,21,20,26,64,58],"tags":[],"class_list":["post-11580","post","type-post","status-publish","format-standard","hentry","category-bauarbeiten","category-bonatz-bau","category-fusswege","category-kernerviertel","category-killesberg","category-stadt-stuttgart","category-staedtebau","category-tiefbahnhof"],"_links":{"self":[{"href":"https:\/\/netzwerke-21.de\/index.php?rest_route=\/wp\/v2\/posts\/11580","targetHints":{"allow":["GET"]}}],"collection":[{"href":"https:\/\/netzwerke-21.de\/index.php?rest_route=\/wp\/v2\/posts"}],"about":[{"href":"https:\/\/netzwerke-21.de\/index.php?rest_route=\/wp\/v2\/types\/post"}],"author":[{"embeddable":true,"href":"https:\/\/netzwerke-21.de\/index.php?rest_route=\/wp\/v2\/users\/6"}],"replies":[{"embeddable":true,"href":"https:\/\/netzwerke-21.de\/index.php?rest_route=%2Fwp%2Fv2%2Fcomments&post=11580"}],"version-history":[{"count":10,"href":"https:\/\/netzwerke-21.de\/index.php?rest_route=\/wp\/v2\/posts\/11580\/revisions"}],"predecessor-version":[{"id":24962,"href":"https:\/\/netzwerke-21.de\/index.php?rest_route=\/wp\/v2\/posts\/11580\/revisions\/24962"}],"wp:attachment":[{"href":"https:\/\/netzwerke-21.de\/index.php?rest_route=%2Fwp%2Fv2%2Fmedia&parent=11580"}],"wp:term":[{"taxonomy":"category","embeddable":true,"href":"https:\/\/netzwerke-21.de\/index.php?rest_route=%2Fwp%2Fv2%2Fcategories&post=11580"},{"taxonomy":"post_tag","embeddable":true,"href":"https:\/\/netzwerke-21.de\/index.php?rest_route=%2Fwp%2Fv2%2Ftags&post=11580"}],"curies":[{"name":"wp","href":"https:\/\/api.w.org\/{rel}","templated":true}]}}